{"id":153686,"date":"2022-09-15T15:38:15","date_gmt":"2022-09-15T13:38:15","guid":{"rendered":"https:\/\/autobaak.nl\/?p=153686"},"modified":"2022-09-15T15:38:15","modified_gmt":"2022-09-15T13:38:15","slug":"hat-der-mini-eine-steuerkette-oder-einen-riemen","status":"publish","type":"post","link":"https:\/\/autobaak.nl\/de\/hat-der-mini-eine-steuerkette-oder-einen-riemen\/","title":{"rendered":"Hat der MINI eine Steuerkette oder einen Riemen?"},"content":{"rendered":"<p>Hat ein MINI eine Steuerkette oder einen Zahnriemen? Eine Frage, die uns oft gestellt wird. Beim Mini-Motor sorgt eine Steuerkette daf\u00fcr, dass Nockenwelle und Kurbelwelle miteinander verbunden sind. Dies gilt f\u00fcr alle Mini-Modelle wie den Mini Countryman, den Mini Paceman und den Mini Cooper. Die Steuerkette sorgt daf\u00fcr, dass die Vorg\u00e4nge im Motor zum richtigen Zeitpunkt ablaufen und perfekt ineinandergreifen.<\/p>\n<h2>Steuerkette Mini<\/h2>\n<p>Da Minis mit einer Steuerkette ausgestattet sind, brauchen Sie die Kosten f\u00fcr den Austausch des Zahnriemens nicht zu berechnen. Allerdings kann die Spannung der Steuerkette im Laufe der Zeit nachlassen, so dass Sie das Teil regelm\u00e4\u00dfig \u00fcberpr\u00fcfen lassen sollten, wenn Sie viele Kilometer fahren.<\/p>\n<p>Sie m\u00f6chten mehr \u00fcber die Funktionsweise, die Vor- und Nachteile und den Austausch des <a href=\"https:\/\/autobaak.nl\/de\/erklarung-der-steuerkette-vorteile-nachteile-und-probleme\/\">Steuerkette<\/a>? Dann k\u00f6nnen Sie <a href=\"https:\/\/autobaak.nl\/de\/erklarung-der-steuerkette-vorteile-nachteile-und-probleme\/\">Lesen Sie hier weiter<\/a>.<\/p>","protected":false},"excerpt":{"rendered":"<p>Hat ein MINI eine Steuerkette oder einen Zahnriemen? Eine Frage, die uns oft gestellt wird. Im Mini-Motor wird eine Steuerkette verwendet, die daf\u00fcr sorgt, dass die Nockenwelle und die Kurbelwelle miteinander verbunden sind. Das gilt f\u00fcr alle Mini-Modelle wie den Mini Countryman, Mini Paceman und Mini Cooper. Die Steuerkette [...]<\/p>","protected":false},"author":1,"featured_media":153661,"comment_status":"open","ping_status":"closed","sticky":false,"template":"","format":"standard","meta":{"_et_pb_use_builder":"","_et_pb_old_content":"","_et_gb_content_width":"","footnotes":""},"categories":[1210,1615],"tags":[],"class_list":["post-153686","post","type-post","status-publish","format-standard","has-post-thumbnail","hentry","category-distributieriem","category-onderhoud-en-poetsen"],"yoast_head":"<!-- This site is optimized with the Yoast SEO plugin v27.5 - https:\/\/yoast.com\/product\/yoast-seo-wordpress\/ -->\n<title>Heeft MINI een distributieketting of riem? - Autobaak.nl<\/title>\n<meta name=\"description\" content=\"Heeft MINI een distributieketting of riem? Op deze pagina meer info over de distributieketting in de Mini.\" \/>\n<meta name=\"robots\" content=\"index, follow, max-snippet:-1, max-image-preview:large, max-video-preview:-1\" \/>\n<link rel=\"canonical\" href=\"https:\/\/autobaak.nl\/de\/hat-der-mini-eine-steuerkette-oder-einen-riemen\/\" \/>\n<meta property=\"og:locale\" content=\"de_DE\" \/>\n<meta property=\"og:type\" content=\"article\" \/>\n<meta property=\"og:title\" content=\"Heeft MINI een distributieketting of riem? - Autobaak.nl\" \/>\n<meta property=\"og:description\" content=\"Heeft MINI een distributieketting of riem? Op deze pagina meer info over de distributieketting in de Mini.\" \/>\n<meta property=\"og:url\" content=\"https:\/\/autobaak.nl\/de\/hat-der-mini-eine-steuerkette-oder-einen-riemen\/\" \/>\n<meta property=\"og:site_name\" content=\"Autobaak.nl\" \/>\n<meta property=\"article:published_time\" content=\"2022-09-15T13:38:15+00:00\" \/>\n<meta property=\"og:image\" content=\"https:\/\/autobaak.nl\/wp-content\/uploads\/2022\/09\/mini.jpg\" \/>\n\t<meta property=\"og:image:width\" content=\"1140\" \/>\n\t<meta property=\"og:image:height\" content=\"728\" \/>\n\t<meta property=\"og:image:type\" content=\"image\/jpeg\" \/>\n<meta name=\"author\" content=\"Stijn\" \/>\n<meta name=\"twitter:card\" content=\"summary_large_image\" \/>\n<meta name=\"twitter:label1\" content=\"Verfasst von\" \/>\n\t<meta name=\"twitter:data1\" content=\"Stijn\" \/>\n\t<meta name=\"twitter:label2\" content=\"Gesch\u00e4tzte Lesezeit\" \/>\n\t<meta name=\"twitter:data2\" content=\"1\u00a0Minute\" \/>\n<script type=\"application\/ld+json\" class=\"yoast-schema-graph\">{\"@context\":\"https:\\\/\\\/schema.org\",\"@graph\":[{\"@type\":\"Article\",\"@id\":\"https:\\\/\\\/autobaak.nl\\\/heeft-mini-een-distributieketting-of-riem\\\/#article\",\"isPartOf\":{\"@id\":\"https:\\\/\\\/autobaak.nl\\\/heeft-mini-een-distributieketting-of-riem\\\/\"},\"author\":{\"name\":\"Stijn\",\"@id\":\"https:\\\/\\\/autobaak.nl\\\/#\\\/schema\\\/person\\\/539ebe80a38d4476550c564f37c97c41\"},\"headline\":\"Heeft MINI een distributieketting of riem?\",\"datePublished\":\"2022-09-15T13:38:15+00:00\",\"mainEntityOfPage\":{\"@id\":\"https:\\\/\\\/autobaak.nl\\\/heeft-mini-een-distributieketting-of-riem\\\/\"},\"wordCount\":150,\"commentCount\":0,\"image\":{\"@id\":\"https:\\\/\\\/autobaak.nl\\\/heeft-mini-een-distributieketting-of-riem\\\/#primaryimage\"},\"thumbnailUrl\":\"https:\\\/\\\/autobaak.nl\\\/wp-content\\\/uploads\\\/2022\\\/09\\\/mini.jpg\",\"articleSection\":[\"Distributieriem\",\"Onderhoud en poetsen\"],\"inLanguage\":\"de\",\"potentialAction\":[{\"@type\":\"CommentAction\",\"name\":\"Comment\",\"target\":[\"https:\\\/\\\/autobaak.nl\\\/heeft-mini-een-distributieketting-of-riem\\\/#respond\"]}]},{\"@type\":\"WebPage\",\"@id\":\"https:\\\/\\\/autobaak.nl\\\/heeft-mini-een-distributieketting-of-riem\\\/\",\"url\":\"https:\\\/\\\/autobaak.nl\\\/heeft-mini-een-distributieketting-of-riem\\\/\",\"name\":\"Heeft MINI een distributieketting of riem? - Autobaak.nl\",\"isPartOf\":{\"@id\":\"https:\\\/\\\/autobaak.nl\\\/#website\"},\"primaryImageOfPage\":{\"@id\":\"https:\\\/\\\/autobaak.nl\\\/heeft-mini-een-distributieketting-of-riem\\\/#primaryimage\"},\"image\":{\"@id\":\"https:\\\/\\\/autobaak.nl\\\/heeft-mini-een-distributieketting-of-riem\\\/#primaryimage\"},\"thumbnailUrl\":\"https:\\\/\\\/autobaak.nl\\\/wp-content\\\/uploads\\\/2022\\\/09\\\/mini.jpg\",\"datePublished\":\"2022-09-15T13:38:15+00:00\",\"author\":{\"@id\":\"https:\\\/\\\/autobaak.nl\\\/#\\\/schema\\\/person\\\/539ebe80a38d4476550c564f37c97c41\"},\"description\":\"Heeft MINI een distributieketting of riem? Op deze pagina meer info over de distributieketting in de Mini.\",\"breadcrumb\":{\"@id\":\"https:\\\/\\\/autobaak.nl\\\/heeft-mini-een-distributieketting-of-riem\\\/#breadcrumb\"},\"inLanguage\":\"de\",\"potentialAction\":[{\"@type\":\"ReadAction\",\"target\":[\"https:\\\/\\\/autobaak.nl\\\/heeft-mini-een-distributieketting-of-riem\\\/\"]}]},{\"@type\":\"ImageObject\",\"inLanguage\":\"de\",\"@id\":\"https:\\\/\\\/autobaak.nl\\\/heeft-mini-een-distributieketting-of-riem\\\/#primaryimage\",\"url\":\"https:\\\/\\\/autobaak.nl\\\/wp-content\\\/uploads\\\/2022\\\/09\\\/mini.jpg\",\"contentUrl\":\"https:\\\/\\\/autobaak.nl\\\/wp-content\\\/uploads\\\/2022\\\/09\\\/mini.jpg\",\"width\":1140,\"height\":728},{\"@type\":\"BreadcrumbList\",\"@id\":\"https:\\\/\\\/autobaak.nl\\\/heeft-mini-een-distributieketting-of-riem\\\/#breadcrumb\",\"itemListElement\":[{\"@type\":\"ListItem\",\"position\":1,\"name\":\"Home\",\"item\":\"https:\\\/\\\/autobaak.nl\\\/\"},{\"@type\":\"ListItem\",\"position\":2,\"name\":\"Heeft MINI een distributieketting of riem?\"}]},{\"@type\":\"WebSite\",\"@id\":\"https:\\\/\\\/autobaak.nl\\\/#website\",\"url\":\"https:\\\/\\\/autobaak.nl\\\/\",\"name\":\"Autobaak.nl\",\"description\":\"Cars &amp; Racing\",\"potentialAction\":[{\"@type\":\"SearchAction\",\"target\":{\"@type\":\"EntryPoint\",\"urlTemplate\":\"https:\\\/\\\/autobaak.nl\\\/?s={search_term_string}\"},\"query-input\":{\"@type\":\"PropertyValueSpecification\",\"valueRequired\":true,\"valueName\":\"search_term_string\"}}],\"inLanguage\":\"de\"},{\"@type\":\"Person\",\"@id\":\"https:\\\/\\\/autobaak.nl\\\/#\\\/schema\\\/person\\\/539ebe80a38d4476550c564f37c97c41\",\"name\":\"Stijn\",\"image\":{\"@type\":\"ImageObject\",\"inLanguage\":\"de\",\"@id\":\"https:\\\/\\\/secure.gravatar.com\\\/avatar\\\/73d703c9363ff42bbf2da26461876c8fc4008eeb645ca3e2d7cfc4c4fe901cf9?s=96&d=mm&r=g\",\"url\":\"https:\\\/\\\/secure.gravatar.com\\\/avatar\\\/73d703c9363ff42bbf2da26461876c8fc4008eeb645ca3e2d7cfc4c4fe901cf9?s=96&d=mm&r=g\",\"contentUrl\":\"https:\\\/\\\/secure.gravatar.com\\\/avatar\\\/73d703c9363ff42bbf2da26461876c8fc4008eeb645ca3e2d7cfc4c4fe901cf9?s=96&d=mm&r=g\",\"caption\":\"Stijn\"},\"url\":\"https:\\\/\\\/autobaak.nl\\\/de\\\/author\\\/admin\\\/\"}]}<\/script>\n<!-- \/ Yoast SEO plugin. -->","yoast_head_json":{"title":"Hat der MINI eine Steuerkette oder einen Riemen? - Autobaak.de","description":"Hat der MINI eine Steuerkette oder einen Riemen? Auf dieser Seite finden Sie weitere Informationen \u00fcber die Steuerkette im Mini.","robots":{"index":"index","follow":"follow","max-snippet":"max-snippet:-1","max-image-preview":"max-image-preview:large","max-video-preview":"max-video-preview:-1"},"canonical":"https:\/\/autobaak.nl\/de\/hat-der-mini-eine-steuerkette-oder-einen-riemen\/","og_locale":"de_DE","og_type":"article","og_title":"Heeft MINI een distributieketting of riem? - Autobaak.nl","og_description":"Heeft MINI een distributieketting of riem? Op deze pagina meer info over de distributieketting in de Mini.","og_url":"https:\/\/autobaak.nl\/de\/hat-der-mini-eine-steuerkette-oder-einen-riemen\/","og_site_name":"Autobaak.nl","article_published_time":"2022-09-15T13:38:15+00:00","og_image":[{"width":1140,"height":728,"url":"https:\/\/autobaak.nl\/wp-content\/uploads\/2022\/09\/mini.jpg","type":"image\/jpeg"}],"author":"Stijn","twitter_card":"summary_large_image","twitter_misc":{"Verfasst von":"Stijn","Gesch\u00e4tzte Lesezeit":"1\u00a0Minute"},"schema":{"@context":"https:\/\/schema.org","@graph":[{"@type":"Article","@id":"https:\/\/autobaak.nl\/heeft-mini-een-distributieketting-of-riem\/#article","isPartOf":{"@id":"https:\/\/autobaak.nl\/heeft-mini-een-distributieketting-of-riem\/"},"author":{"name":"Stijn","@id":"https:\/\/autobaak.nl\/#\/schema\/person\/539ebe80a38d4476550c564f37c97c41"},"headline":"Heeft MINI een distributieketting of riem?","datePublished":"2022-09-15T13:38:15+00:00","mainEntityOfPage":{"@id":"https:\/\/autobaak.nl\/heeft-mini-een-distributieketting-of-riem\/"},"wordCount":150,"commentCount":0,"image":{"@id":"https:\/\/autobaak.nl\/heeft-mini-een-distributieketting-of-riem\/#primaryimage"},"thumbnailUrl":"https:\/\/autobaak.nl\/wp-content\/uploads\/2022\/09\/mini.jpg","articleSection":["Distributieriem","Onderhoud en poetsen"],"inLanguage":"de","potentialAction":[{"@type":"CommentAction","name":"Comment","target":["https:\/\/autobaak.nl\/heeft-mini-een-distributieketting-of-riem\/#respond"]}]},{"@type":"WebPage","@id":"https:\/\/autobaak.nl\/heeft-mini-een-distributieketting-of-riem\/","url":"https:\/\/autobaak.nl\/heeft-mini-een-distributieketting-of-riem\/","name":"Hat der MINI eine Steuerkette oder einen Riemen? - Autobaak.de","isPartOf":{"@id":"https:\/\/autobaak.nl\/#website"},"primaryImageOfPage":{"@id":"https:\/\/autobaak.nl\/heeft-mini-een-distributieketting-of-riem\/#primaryimage"},"image":{"@id":"https:\/\/autobaak.nl\/heeft-mini-een-distributieketting-of-riem\/#primaryimage"},"thumbnailUrl":"https:\/\/autobaak.nl\/wp-content\/uploads\/2022\/09\/mini.jpg","datePublished":"2022-09-15T13:38:15+00:00","author":{"@id":"https:\/\/autobaak.nl\/#\/schema\/person\/539ebe80a38d4476550c564f37c97c41"},"description":"Hat der MINI eine Steuerkette oder einen Riemen? Auf dieser Seite finden Sie weitere Informationen \u00fcber die Steuerkette im Mini.","breadcrumb":{"@id":"https:\/\/autobaak.nl\/heeft-mini-een-distributieketting-of-riem\/#breadcrumb"},"inLanguage":"de","potentialAction":[{"@type":"ReadAction","target":["https:\/\/autobaak.nl\/heeft-mini-een-distributieketting-of-riem\/"]}]},{"@type":"ImageObject","inLanguage":"de","@id":"https:\/\/autobaak.nl\/heeft-mini-een-distributieketting-of-riem\/#primaryimage","url":"https:\/\/autobaak.nl\/wp-content\/uploads\/2022\/09\/mini.jpg","contentUrl":"https:\/\/autobaak.nl\/wp-content\/uploads\/2022\/09\/mini.jpg","width":1140,"height":728},{"@type":"BreadcrumbList","@id":"https:\/\/autobaak.nl\/heeft-mini-een-distributieketting-of-riem\/#breadcrumb","itemListElement":[{"@type":"ListItem","position":1,"name":"Home","item":"https:\/\/autobaak.nl\/"},{"@type":"ListItem","position":2,"name":"Heeft MINI een distributieketting of riem?"}]},{"@type":"WebSite","@id":"https:\/\/autobaak.nl\/#website","url":"https:\/\/autobaak.nl\/","name":"Autobook.de","description":"Autos &amp; Rennsport","potentialAction":[{"@type":"SearchAction","target":{"@type":"EntryPoint","urlTemplate":"https:\/\/autobaak.nl\/?s={search_term_string}"},"query-input":{"@type":"PropertyValueSpecification","valueRequired":true,"valueName":"search_term_string"}}],"inLanguage":"de"},{"@type":"Person","@id":"https:\/\/autobaak.nl\/#\/schema\/person\/539ebe80a38d4476550c564f37c97c41","name":"Stijn","image":{"@type":"ImageObject","inLanguage":"de","@id":"https:\/\/secure.gravatar.com\/avatar\/73d703c9363ff42bbf2da26461876c8fc4008eeb645ca3e2d7cfc4c4fe901cf9?s=96&d=mm&r=g","url":"https:\/\/secure.gravatar.com\/avatar\/73d703c9363ff42bbf2da26461876c8fc4008eeb645ca3e2d7cfc4c4fe901cf9?s=96&d=mm&r=g","contentUrl":"https:\/\/secure.gravatar.com\/avatar\/73d703c9363ff42bbf2da26461876c8fc4008eeb645ca3e2d7cfc4c4fe901cf9?s=96&d=mm&r=g","caption":"Stijn"},"url":"https:\/\/autobaak.nl\/de\/author\/admin\/"}]}},"_links":{"self":[{"href":"https:\/\/autobaak.nl\/de\/wp-json\/wp\/v2\/posts\/153686","targetHints":{"allow":["GET"]}}],"collection":[{"href":"https:\/\/autobaak.nl\/de\/wp-json\/wp\/v2\/posts"}],"about":[{"href":"https:\/\/autobaak.nl\/de\/wp-json\/wp\/v2\/types\/post"}],"author":[{"embeddable":true,"href":"https:\/\/autobaak.nl\/de\/wp-json\/wp\/v2\/users\/1"}],"replies":[{"embeddable":true,"href":"https:\/\/autobaak.nl\/de\/wp-json\/wp\/v2\/comments?post=153686"}],"version-history":[{"count":0,"href":"https:\/\/autobaak.nl\/de\/wp-json\/wp\/v2\/posts\/153686\/revisions"}],"wp:featuredmedia":[{"embeddable":true,"href":"https:\/\/autobaak.nl\/de\/wp-json\/wp\/v2\/media\/153661"}],"wp:attachment":[{"href":"https:\/\/autobaak.nl\/de\/wp-json\/wp\/v2\/media?parent=153686"}],"wp:term":[{"taxonomy":"category","embeddable":true,"href":"https:\/\/autobaak.nl\/de\/wp-json\/wp\/v2\/categories?post=153686"},{"taxonomy":"post_tag","embeddable":true,"href":"https:\/\/autobaak.nl\/de\/wp-json\/wp\/v2\/tags?post=153686"}],"curies":[{"name":"wp","href":"https:\/\/api.w.org\/{rel}","templated":true}]}}