{"id":157622,"date":"2025-10-24T16:55:54","date_gmt":"2025-10-24T14:55:54","guid":{"rendered":"https:\/\/autobaak.nl\/?p=157622"},"modified":"2025-10-24T16:55:54","modified_gmt":"2025-10-24T14:55:54","slug":"damon-hill-und-johnny-herbert-starten-f1-podcast","status":"publish","type":"post","link":"https:\/\/autobaak.nl\/de\/damon-hill-und-johnny-herbert-starten-f1-podcast\/","title":{"rendered":"Damon Hill und Johnny Herbert starten F1-Podcast"},"content":{"rendered":"<h2>Was ist angek\u00fcndigt worden?<\/h2>\n<p>Damon Hill, Weltmeister von 1996, und Johnny Herbert, dreifacher Grand-Prix-Sieger, geben gemeinsam einen neuen Podcast heraus. Die Serie wird in Zusammenarbeit mit The Race und The Athletic erstellt. Die ersten Episoden werden Ende Oktober 2025 erscheinen. Das f\u00e4llt mit der entscheidenden Phase der F1-Saison zusammen.<\/p>\n<h2>Format und H\u00e4ufigkeit<\/h2>\n<p>Der Podcast hei\u00dft <em>Auf Kurs bleiben mit Damon Hill &amp; Johnny Herbert<\/em>. Jeden Monat nehmen Hill und Herbert eine Folge auf. Beide Episoden erscheinen als Audio und Video. Das gibt Raum f\u00fcr Analysen, Anekdoten und lockere Gespr\u00e4che.<\/p>\n<h3>Was zu erwarten ist<\/h3>\n<ul>\n<li>Sofortige Analyse der letzten Grands Prix und Nachrichten.<\/li>\n<li>Pers\u00f6nliche Geschichten aus ihren Rennsportkarrieren.<\/li>\n<li>Kritische, oft humorvolle Beobachtungen aus ihrer Erfahrung als Fahrer und Kenner.<\/li>\n<\/ul>\n<h2>Zusatzpodcast mit Mark Hughes<\/h2>\n<p>Dar\u00fcber hinaus startet Hill zusammen mit dem britischen F1-Journalisten Mark Hughes einen zweiten monatlichen Podcast. Diese Serie hei\u00dft <em>Der Undercut mit Damon Hill &amp; Mark Hughes<\/em> und beginnt Mitte November. Der Schwerpunkt liegt auf tiefergehenden Analysen sowohl der aktuellen Formel 1 als auch der Geschichte des Sports.<\/p>\n<h2>Verf\u00fcgbarkeit<\/h2>\n<p>Die Audioversionen werden \u00fcber Spotify, Apple Podcasts und andere Podcast-Apps verf\u00fcgbar sein. Die Videoversionen werden auf YouTube sowie auf den Kan\u00e4len von The Race und The Race Podcasts zu sehen sein.<\/p>\n<h2>Hintergrund der Zusammenarbeit<\/h2>\n<p>The Race und The Athletic arbeiten seit 2022 zusammen. Gemeinsam haben sie ein Portfolio aus mehreren Motorsport-Podcasts aufgebaut. Ihr Netzwerk erreicht jeden Monat ein Publikum von Millionen von Zuschauern und Zuh\u00f6rern. Die neuen Episoden sind Teil einer k\u00fcrzlich geschlossenen mehrj\u00e4hrigen Partnerschaft zwischen den beiden Parteien.<\/p>\n<h2>Kommentare<\/h2>\n<p>Hill sagte, er sei mit den beiden unterschiedlichen Podcast-Formaten zufrieden. Er freue sich darauf, mit Herbert auf eine lockere Art und Weise zur\u00fcckzublicken und mit Hughes tiefer auf Schl\u00fcsselthemen des Sports einzugehen. Herbert nannte Hill einen faszinierenden Gespr\u00e4chspartner. Er erwartet, dass sie sich gut erg\u00e4nzen und viel Spa\u00df haben werden.<\/p>\n<p>Auch die Medienpartner \u00e4u\u00dferten sich anerkennend. The Race bezeichnete die Partnerschaft als logischen n\u00e4chsten Schritt zur Schaffung von Sportinhalten, die sowohl fachkundig als auch unterhaltsam sind. The Athletic sieht in der Aufnahme von Hill und Herbert eine bedeutende Bereicherung seines Motorsportangebots.<\/p>\n<h2>Warum dies f\u00fcr Fans von Interesse ist<\/h2>\n<p>F\u00fcr die Fans bedeutet das mehr Hintergrundinformationen und einzigartige Geschichten von Menschen, die an der Spitze des Sports gestanden haben. Die Kombination aus kurzen, monatlichen Episoden und Audio- und Videoformaten macht es einfach, auf dem Laufenden zu bleiben, ganz gleich, wie Sie die Sendung am liebsten konsumieren.<\/p>","protected":false},"excerpt":{"rendered":"<p>Was wurde angek\u00fcndigt? Damon Hill, Weltmeister von 1996, und Johnny Herbert, dreifacher Grand-Prix-Sieger, werden gemeinsam einen neuen Podcast herausgeben. Die Serie wird in Zusammenarbeit mit The Race und The Athletic erstellt. Die ersten Episoden werden Ende Oktober 2025 erscheinen. Das f\u00e4llt mit der entscheidenden Phase der F1-Saison zusammen. Format [...]<\/p>","protected":false},"author":1,"featured_media":157621,"comment_status":"closed","ping_status":"closed","sticky":false,"template":"","format":"standard","meta":{"_et_pb_use_builder":"","_et_pb_old_content":"","_et_gb_content_width":"","footnotes":""},"categories":[2274],"tags":[],"class_list":["post-157622","post","type-post","status-publish","format-standard","has-post-thumbnail","hentry","category-formule-1"],"yoast_head":"<!-- This site is optimized with the Yoast SEO plugin v27.5 - https:\/\/yoast.com\/product\/yoast-seo-wordpress\/ -->\n<title>Damon Hill en Johnny Herbert lanceren F1-podcast - Autobaak.nl<\/title>\n<meta name=\"description\" content=\"Damon Hill en Johnny Herbert lanceren F1-podcast\" \/>\n<meta name=\"robots\" content=\"index, follow, max-snippet:-1, max-image-preview:large, max-video-preview:-1\" \/>\n<link rel=\"canonical\" href=\"https:\/\/autobaak.nl\/de\/damon-hill-und-johnny-herbert-starten-f1-podcast\/\" \/>\n<meta property=\"og:locale\" content=\"de_DE\" \/>\n<meta property=\"og:type\" content=\"article\" \/>\n<meta property=\"og:title\" content=\"Damon Hill en Johnny Herbert lanceren F1-podcast - Autobaak.nl\" \/>\n<meta property=\"og:description\" content=\"Damon Hill en Johnny Herbert lanceren F1-podcast\" \/>\n<meta property=\"og:url\" content=\"https:\/\/autobaak.nl\/de\/damon-hill-und-johnny-herbert-starten-f1-podcast\/\" \/>\n<meta property=\"og:site_name\" content=\"Autobaak.nl\" \/>\n<meta property=\"article:published_time\" content=\"2025-10-24T14:55:54+00:00\" \/>\n<meta property=\"og:image\" content=\"https:\/\/autobaak.nl\/wp-content\/uploads\/2025\/10\/Damon-Hill-en-Johnny-Herbert-lanceren-F1-podcast.jpg\" \/>\n\t<meta property=\"og:image:width\" content=\"1080\" \/>\n\t<meta property=\"og:image:height\" content=\"1080\" \/>\n\t<meta property=\"og:image:type\" content=\"image\/jpeg\" \/>\n<meta name=\"author\" content=\"Stijn\" \/>\n<meta name=\"twitter:card\" content=\"summary_large_image\" \/>\n<meta name=\"twitter:label1\" content=\"Verfasst von\" \/>\n\t<meta name=\"twitter:data1\" content=\"Stijn\" \/>\n\t<meta name=\"twitter:label2\" content=\"Gesch\u00e4tzte Lesezeit\" \/>\n\t<meta name=\"twitter:data2\" content=\"2\u00a0Minuten\" \/>\n<script type=\"application\/ld+json\" class=\"yoast-schema-graph\">{\"@context\":\"https:\\\/\\\/schema.org\",\"@graph\":[{\"@type\":\"Article\",\"@id\":\"https:\\\/\\\/autobaak.nl\\\/damon-hill-en-johnny-herbert-lanceren-f1-podcast\\\/#article\",\"isPartOf\":{\"@id\":\"https:\\\/\\\/autobaak.nl\\\/damon-hill-en-johnny-herbert-lanceren-f1-podcast\\\/\"},\"author\":{\"name\":\"Stijn\",\"@id\":\"https:\\\/\\\/autobaak.nl\\\/#\\\/schema\\\/person\\\/539ebe80a38d4476550c564f37c97c41\"},\"headline\":\"Damon Hill en Johnny Herbert lanceren F1-podcast\",\"datePublished\":\"2025-10-24T14:55:54+00:00\",\"mainEntityOfPage\":{\"@id\":\"https:\\\/\\\/autobaak.nl\\\/damon-hill-en-johnny-herbert-lanceren-f1-podcast\\\/\"},\"wordCount\":409,\"image\":{\"@id\":\"https:\\\/\\\/autobaak.nl\\\/damon-hill-en-johnny-herbert-lanceren-f1-podcast\\\/#primaryimage\"},\"thumbnailUrl\":\"https:\\\/\\\/autobaak.nl\\\/wp-content\\\/uploads\\\/2025\\\/10\\\/Damon-Hill-en-Johnny-Herbert-lanceren-F1-podcast.jpg\",\"articleSection\":[\"Formule-1\"],\"inLanguage\":\"de\"},{\"@type\":\"WebPage\",\"@id\":\"https:\\\/\\\/autobaak.nl\\\/damon-hill-en-johnny-herbert-lanceren-f1-podcast\\\/\",\"url\":\"https:\\\/\\\/autobaak.nl\\\/damon-hill-en-johnny-herbert-lanceren-f1-podcast\\\/\",\"name\":\"Damon Hill en Johnny Herbert lanceren F1-podcast - Autobaak.nl\",\"isPartOf\":{\"@id\":\"https:\\\/\\\/autobaak.nl\\\/#website\"},\"primaryImageOfPage\":{\"@id\":\"https:\\\/\\\/autobaak.nl\\\/damon-hill-en-johnny-herbert-lanceren-f1-podcast\\\/#primaryimage\"},\"image\":{\"@id\":\"https:\\\/\\\/autobaak.nl\\\/damon-hill-en-johnny-herbert-lanceren-f1-podcast\\\/#primaryimage\"},\"thumbnailUrl\":\"https:\\\/\\\/autobaak.nl\\\/wp-content\\\/uploads\\\/2025\\\/10\\\/Damon-Hill-en-Johnny-Herbert-lanceren-F1-podcast.jpg\",\"datePublished\":\"2025-10-24T14:55:54+00:00\",\"author\":{\"@id\":\"https:\\\/\\\/autobaak.nl\\\/#\\\/schema\\\/person\\\/539ebe80a38d4476550c564f37c97c41\"},\"description\":\"Damon Hill en Johnny Herbert lanceren F1-podcast\",\"breadcrumb\":{\"@id\":\"https:\\\/\\\/autobaak.nl\\\/damon-hill-en-johnny-herbert-lanceren-f1-podcast\\\/#breadcrumb\"},\"inLanguage\":\"de\",\"potentialAction\":[{\"@type\":\"ReadAction\",\"target\":[\"https:\\\/\\\/autobaak.nl\\\/damon-hill-en-johnny-herbert-lanceren-f1-podcast\\\/\"]}]},{\"@type\":\"ImageObject\",\"inLanguage\":\"de\",\"@id\":\"https:\\\/\\\/autobaak.nl\\\/damon-hill-en-johnny-herbert-lanceren-f1-podcast\\\/#primaryimage\",\"url\":\"https:\\\/\\\/autobaak.nl\\\/wp-content\\\/uploads\\\/2025\\\/10\\\/Damon-Hill-en-Johnny-Herbert-lanceren-F1-podcast.jpg\",\"contentUrl\":\"https:\\\/\\\/autobaak.nl\\\/wp-content\\\/uploads\\\/2025\\\/10\\\/Damon-Hill-en-Johnny-Herbert-lanceren-F1-podcast.jpg\",\"width\":1080,\"height\":1080},{\"@type\":\"BreadcrumbList\",\"@id\":\"https:\\\/\\\/autobaak.nl\\\/damon-hill-en-johnny-herbert-lanceren-f1-podcast\\\/#breadcrumb\",\"itemListElement\":[{\"@type\":\"ListItem\",\"position\":1,\"name\":\"Home\",\"item\":\"https:\\\/\\\/autobaak.nl\\\/\"},{\"@type\":\"ListItem\",\"position\":2,\"name\":\"Damon Hill en Johnny Herbert lanceren F1-podcast\"}]},{\"@type\":\"WebSite\",\"@id\":\"https:\\\/\\\/autobaak.nl\\\/#website\",\"url\":\"https:\\\/\\\/autobaak.nl\\\/\",\"name\":\"Autobaak.nl\",\"description\":\"Cars &amp; Racing\",\"potentialAction\":[{\"@type\":\"SearchAction\",\"target\":{\"@type\":\"EntryPoint\",\"urlTemplate\":\"https:\\\/\\\/autobaak.nl\\\/?s={search_term_string}\"},\"query-input\":{\"@type\":\"PropertyValueSpecification\",\"valueRequired\":true,\"valueName\":\"search_term_string\"}}],\"inLanguage\":\"de\"},{\"@type\":\"Person\",\"@id\":\"https:\\\/\\\/autobaak.nl\\\/#\\\/schema\\\/person\\\/539ebe80a38d4476550c564f37c97c41\",\"name\":\"Stijn\",\"image\":{\"@type\":\"ImageObject\",\"inLanguage\":\"de\",\"@id\":\"https:\\\/\\\/secure.gravatar.com\\\/avatar\\\/73d703c9363ff42bbf2da26461876c8fc4008eeb645ca3e2d7cfc4c4fe901cf9?s=96&d=mm&r=g\",\"url\":\"https:\\\/\\\/secure.gravatar.com\\\/avatar\\\/73d703c9363ff42bbf2da26461876c8fc4008eeb645ca3e2d7cfc4c4fe901cf9?s=96&d=mm&r=g\",\"contentUrl\":\"https:\\\/\\\/secure.gravatar.com\\\/avatar\\\/73d703c9363ff42bbf2da26461876c8fc4008eeb645ca3e2d7cfc4c4fe901cf9?s=96&d=mm&r=g\",\"caption\":\"Stijn\"},\"url\":\"https:\\\/\\\/autobaak.nl\\\/de\\\/author\\\/admin\\\/\"}]}<\/script>\n<!-- \/ Yoast SEO plugin. -->","yoast_head_json":{"title":"Damon Hill und Johnny Herbert starten F1-Podcast - Autobaak.de","description":"Damon Hill und Johnny Herbert starten F1-Podcast","robots":{"index":"index","follow":"follow","max-snippet":"max-snippet:-1","max-image-preview":"max-image-preview:large","max-video-preview":"max-video-preview:-1"},"canonical":"https:\/\/autobaak.nl\/de\/damon-hill-und-johnny-herbert-starten-f1-podcast\/","og_locale":"de_DE","og_type":"article","og_title":"Damon Hill en Johnny Herbert lanceren F1-podcast - Autobaak.nl","og_description":"Damon Hill en Johnny Herbert lanceren F1-podcast","og_url":"https:\/\/autobaak.nl\/de\/damon-hill-und-johnny-herbert-starten-f1-podcast\/","og_site_name":"Autobaak.nl","article_published_time":"2025-10-24T14:55:54+00:00","og_image":[{"width":1080,"height":1080,"url":"https:\/\/autobaak.nl\/wp-content\/uploads\/2025\/10\/Damon-Hill-en-Johnny-Herbert-lanceren-F1-podcast.jpg","type":"image\/jpeg"}],"author":"Stijn","twitter_card":"summary_large_image","twitter_misc":{"Verfasst von":"Stijn","Gesch\u00e4tzte Lesezeit":"2\u00a0Minuten"},"schema":{"@context":"https:\/\/schema.org","@graph":[{"@type":"Article","@id":"https:\/\/autobaak.nl\/damon-hill-en-johnny-herbert-lanceren-f1-podcast\/#article","isPartOf":{"@id":"https:\/\/autobaak.nl\/damon-hill-en-johnny-herbert-lanceren-f1-podcast\/"},"author":{"name":"Stijn","@id":"https:\/\/autobaak.nl\/#\/schema\/person\/539ebe80a38d4476550c564f37c97c41"},"headline":"Damon Hill en Johnny Herbert lanceren F1-podcast","datePublished":"2025-10-24T14:55:54+00:00","mainEntityOfPage":{"@id":"https:\/\/autobaak.nl\/damon-hill-en-johnny-herbert-lanceren-f1-podcast\/"},"wordCount":409,"image":{"@id":"https:\/\/autobaak.nl\/damon-hill-en-johnny-herbert-lanceren-f1-podcast\/#primaryimage"},"thumbnailUrl":"https:\/\/autobaak.nl\/wp-content\/uploads\/2025\/10\/Damon-Hill-en-Johnny-Herbert-lanceren-F1-podcast.jpg","articleSection":["Formule-1"],"inLanguage":"de"},{"@type":"WebPage","@id":"https:\/\/autobaak.nl\/damon-hill-en-johnny-herbert-lanceren-f1-podcast\/","url":"https:\/\/autobaak.nl\/damon-hill-en-johnny-herbert-lanceren-f1-podcast\/","name":"Damon Hill und Johnny Herbert starten F1-Podcast - Autobaak.de","isPartOf":{"@id":"https:\/\/autobaak.nl\/#website"},"primaryImageOfPage":{"@id":"https:\/\/autobaak.nl\/damon-hill-en-johnny-herbert-lanceren-f1-podcast\/#primaryimage"},"image":{"@id":"https:\/\/autobaak.nl\/damon-hill-en-johnny-herbert-lanceren-f1-podcast\/#primaryimage"},"thumbnailUrl":"https:\/\/autobaak.nl\/wp-content\/uploads\/2025\/10\/Damon-Hill-en-Johnny-Herbert-lanceren-F1-podcast.jpg","datePublished":"2025-10-24T14:55:54+00:00","author":{"@id":"https:\/\/autobaak.nl\/#\/schema\/person\/539ebe80a38d4476550c564f37c97c41"},"description":"Damon Hill und Johnny Herbert starten F1-Podcast","breadcrumb":{"@id":"https:\/\/autobaak.nl\/damon-hill-en-johnny-herbert-lanceren-f1-podcast\/#breadcrumb"},"inLanguage":"de","potentialAction":[{"@type":"ReadAction","target":["https:\/\/autobaak.nl\/damon-hill-en-johnny-herbert-lanceren-f1-podcast\/"]}]},{"@type":"ImageObject","inLanguage":"de","@id":"https:\/\/autobaak.nl\/damon-hill-en-johnny-herbert-lanceren-f1-podcast\/#primaryimage","url":"https:\/\/autobaak.nl\/wp-content\/uploads\/2025\/10\/Damon-Hill-en-Johnny-Herbert-lanceren-F1-podcast.jpg","contentUrl":"https:\/\/autobaak.nl\/wp-content\/uploads\/2025\/10\/Damon-Hill-en-Johnny-Herbert-lanceren-F1-podcast.jpg","width":1080,"height":1080},{"@type":"BreadcrumbList","@id":"https:\/\/autobaak.nl\/damon-hill-en-johnny-herbert-lanceren-f1-podcast\/#breadcrumb","itemListElement":[{"@type":"ListItem","position":1,"name":"Home","item":"https:\/\/autobaak.nl\/"},{"@type":"ListItem","position":2,"name":"Damon Hill en Johnny Herbert lanceren F1-podcast"}]},{"@type":"WebSite","@id":"https:\/\/autobaak.nl\/#website","url":"https:\/\/autobaak.nl\/","name":"Autobook.de","description":"Autos &amp; Rennsport","potentialAction":[{"@type":"SearchAction","target":{"@type":"EntryPoint","urlTemplate":"https:\/\/autobaak.nl\/?s={search_term_string}"},"query-input":{"@type":"PropertyValueSpecification","valueRequired":true,"valueName":"search_term_string"}}],"inLanguage":"de"},{"@type":"Person","@id":"https:\/\/autobaak.nl\/#\/schema\/person\/539ebe80a38d4476550c564f37c97c41","name":"Stijn","image":{"@type":"ImageObject","inLanguage":"de","@id":"https:\/\/secure.gravatar.com\/avatar\/73d703c9363ff42bbf2da26461876c8fc4008eeb645ca3e2d7cfc4c4fe901cf9?s=96&d=mm&r=g","url":"https:\/\/secure.gravatar.com\/avatar\/73d703c9363ff42bbf2da26461876c8fc4008eeb645ca3e2d7cfc4c4fe901cf9?s=96&d=mm&r=g","contentUrl":"https:\/\/secure.gravatar.com\/avatar\/73d703c9363ff42bbf2da26461876c8fc4008eeb645ca3e2d7cfc4c4fe901cf9?s=96&d=mm&r=g","caption":"Stijn"},"url":"https:\/\/autobaak.nl\/de\/author\/admin\/"}]}},"_links":{"self":[{"href":"https:\/\/autobaak.nl\/de\/wp-json\/wp\/v2\/posts\/157622","targetHints":{"allow":["GET"]}}],"collection":[{"href":"https:\/\/autobaak.nl\/de\/wp-json\/wp\/v2\/posts"}],"about":[{"href":"https:\/\/autobaak.nl\/de\/wp-json\/wp\/v2\/types\/post"}],"author":[{"embeddable":true,"href":"https:\/\/autobaak.nl\/de\/wp-json\/wp\/v2\/users\/1"}],"replies":[{"embeddable":true,"href":"https:\/\/autobaak.nl\/de\/wp-json\/wp\/v2\/comments?post=157622"}],"version-history":[{"count":1,"href":"https:\/\/autobaak.nl\/de\/wp-json\/wp\/v2\/posts\/157622\/revisions"}],"predecessor-version":[{"id":157623,"href":"https:\/\/autobaak.nl\/de\/wp-json\/wp\/v2\/posts\/157622\/revisions\/157623"}],"wp:featuredmedia":[{"embeddable":true,"href":"https:\/\/autobaak.nl\/de\/wp-json\/wp\/v2\/media\/157621"}],"wp:attachment":[{"href":"https:\/\/autobaak.nl\/de\/wp-json\/wp\/v2\/media?parent=157622"}],"wp:term":[{"taxonomy":"category","embeddable":true,"href":"https:\/\/autobaak.nl\/de\/wp-json\/wp\/v2\/categories?post=157622"},{"taxonomy":"post_tag","embeddable":true,"href":"https:\/\/autobaak.nl\/de\/wp-json\/wp\/v2\/tags?post=157622"}],"curies":[{"name":"wp","href":"https:\/\/api.w.org\/{rel}","templated":true}]}}