{"id":157707,"date":"2025-10-26T06:46:20","date_gmt":"2025-10-26T05:46:20","guid":{"rendered":"https:\/\/autobaak.nl\/?p=157707"},"modified":"2025-10-26T06:46:20","modified_gmt":"2025-10-26T05:46:20","slug":"motogp-sepang-samstag-auf-einen-blick","status":"publish","type":"post","link":"https:\/\/autobaak.nl\/de\/motogp-sepang-samstag-auf-einen-blick\/","title":{"rendered":"MotoGP Sepang: Der Samstag auf einen Blick"},"content":{"rendered":"<h2>Bagnaia und Ducati dominieren den Sprint<\/h2>\n<p>Francesco Bagnaia setzte am Samstag in Sepang ein klares Zeichen. Nach einer starken Zeit in Q1 schnappte er sich die Pole Position und ging von der besten Position aus in den 10-Runden-Sprint. Bagnaia erwischte einen hervorragenden Start, hielt die F\u00fchrung und baute seinen Vorsprung Runde f\u00fcr Runde bis ins Ziel aus. Es ist sein zweiter Saisonsieg am Samstag. Teamkollege Michele Pirro, der aus den hinteren Reihen startete, k\u00e4mpfte sich bis auf Platz 20 vor und lieferte damit wertvolle Daten f\u00fcr das Rennen am Sonntag.<\/p>\n<blockquote><p>Dieser Sieg ist f\u00fcr die Mannschaft, die unerm\u00fcdlich arbeitet. In dieser Saison wechseln sich Spitzenleistungen mit schwierigen Momenten ab, und wir suchen gemeinsam nach der Ursache f\u00fcr diese Schwankungen.<\/p><\/blockquote>\n<h2>Podien, Meisterschaftspl\u00e4tze und Rookies<\/h2>\n<p>Gresini hatte einen starken Tag. Alex Marquez holte einen weiteren Podiumsplatz und festigte damit seinen zweiten Platz in der Meisterschaft. Teamkollege Ferm\u00edn Aldeguer wurde zum Rookie des Jahres ernannt; er stand zun\u00e4chst im Sprint auf dem Podium, erhielt aber sp\u00e4ter eine Strafe, die seine Platzierung ver\u00e4nderte. F\u00fcr Gresini bleibt es eine Saison, auf die man stolz sein kann.<\/p>\n<p>Bei Monster Energy Yamaha ging es haupts\u00e4chlich um Schadensbegrenzung. Fabio Quartararo fuhr einen soliden Sprint und r\u00fcckte nach einer nachtr\u00e4glichen Strafe f\u00fcr Aldeguer auf P5 im Endergebnis vor. \u00c1lex Rins hatte mit den Reifen zu k\u00e4mpfen und verlor in der Mitte des Rennens viel an Boden; er wurde 15. Teamchef Massimo Meregalli betonte, dass die heutigen Daten genutzt werden sollen, um die l\u00e4ngere Renndistanz am Sonntag besser zu bew\u00e4ltigen.<\/p>\n<h2>Kombination von Comeback-Versuchen und R\u00fcckschl\u00e4gen<\/h2>\n<p>Aprilia erlebte einen kleinen Aufschwung: Marco Bezzecchi kletterte von P14 stark nach vorne und kam auf P6 ins Ziel. Lorenzo Savadori testete Teile f\u00fcr die RS-GP25 und kam auf P18 in die Punkter\u00e4nge. Aprilia arbeitet mit Nachdruck an Entwicklungsschritten f\u00fcr zuk\u00fcnftige Rennen.<\/p>\n<p>Red Bull KTM Tech3 zeigte zwei solide Leistungen: Enea Bastianini k\u00e4mpfte sich von P19 auf P9 vor und holte damit einen weiteren Sprintpunkt. Pol Espargaro fuhr konstant und beendete das Rennen auf Platz 11, trotz einer kleinen Ber\u00fchrung mit Luca Marini, die ihn Positionen kostete.<\/p>\n<p>F\u00fcr Honda HRC Castrol endete der Tag entt\u00e4uschend. Joan Mir schien auf dem Weg zu einem Ergebnis zu sein, verlor aber die Front und schied nach einem Sturz im Kampf um das Podium aus. Luca Marini war auf dem Weg zu einem starken Comeback, wurde aber in eine Ber\u00fchrung mit Pol Espargaro verwickelt und musste ebenfalls aufgeben. Honda betonte, dass das Team die Lehren aus dem heutigen Tag mit in den Sonntag nehmen wird.<\/p>\n<p>Prima Pramac Yamaha erlebte einen schwierigen Sprint: Jack Miller \u00fcberquerte die Ziellinie als 14., w\u00e4hrend Miguel Oliveira durch einen Sturz in der sechsten Runde fr\u00fch ausschied. CASTROL Honda LCR sah Johann Zarco in Form; er fuhr kontrolliert auf P8 und lobte das wiedergefundene Gef\u00fchl f\u00fcr die Maschine. IDEMITSU Honda LCR-Pilot Somkiat Chantra arbeitete sich von P20 auf P17 vor und sammelte n\u00fctzliche Informationen f\u00fcr die Rennabstimmung.<\/p>\n<h2>Kurzer \u00dcberblick \u00fcber bemerkenswerte Ergebnisse<\/h2>\n<ul>\n<li>1 - Francesco Bagnaia (Ducati Lenovo Team)<\/li>\n<li>2. - Alex Marquez (Gresini)<\/li>\n<li>Fabio Quartararo nach Strafversetzung auf P5<\/li>\n<li>Enea Bastianini k\u00e4mpfte sich auf P9 vor (10 Pl\u00e4tze mehr)<\/li>\n<li>Joan Mir und Luca Marini: beide sind ausgeschieden (DNF)<\/li>\n<li>Jack Miller P14; Miguel Oliveira ist ausgeschieden<\/li>\n<li>Michele Pirro P20; Somkiat Chantra P17<\/li>\n<\/ul>\n<p>Sepang bleibt eine hei\u00dfe und anspruchsvolle Strecke, auf der Reifenmanagement und Bremsen entscheidend sind. Morgen ist das Warm-up um 09:40 Uhr Ortszeit angesetzt, gefolgt vom Gro\u00dfen Preis von Malaysia \u00fcber 20 Runden um 15:00 Uhr Ortszeit (UTC+8). Viele Teams kehrten mit neuen Teilen und Daten ins Fahrerlager zur\u00fcck - am Sonntag wird sich zeigen, wer die Entwicklungen tats\u00e4chlich in Renngeschwindigkeit und Konstanz umsetzen kann.<\/p>","protected":false},"excerpt":{"rendered":"<p>Bagnaia und Ducati dominieren den Sprint Francesco Bagnaia setzte am Samstag in Sepang ein klares Zeichen. Nach einer starken Zeit in Q1 schnappte er sich die Pole Position und ging von der besten Position aus in den 10-Runden-Sprint. Bagnaia erwischte einen hervorragenden Start, hielt die F\u00fchrung und baute seinen Vorsprung Runde f\u00fcr Runde bis ins Ziel aus. Es ist sein [...]<\/p>","protected":false},"author":1,"featured_media":157706,"comment_status":"closed","ping_status":"closed","sticky":false,"template":"","format":"standard","meta":{"_et_pb_use_builder":"","_et_pb_old_content":"","_et_gb_content_width":"","footnotes":""},"categories":[2275],"tags":[],"class_list":["post-157707","post","type-post","status-publish","format-standard","has-post-thumbnail","hentry","category-motogp"],"yoast_head":"<!-- This site is optimized with the Yoast SEO plugin v27.4 - https:\/\/yoast.com\/product\/yoast-seo-wordpress\/ -->\n<title>MotoGP Sepang: zaterdag in vogelvlucht - Autobaak.nl<\/title>\n<meta name=\"description\" content=\"MotoGP Sepang: zaterdag in vogelvlucht\" \/>\n<meta name=\"robots\" content=\"index, follow, max-snippet:-1, max-image-preview:large, max-video-preview:-1\" \/>\n<link rel=\"canonical\" href=\"https:\/\/autobaak.nl\/de\/motogp-sepang-samstag-auf-einen-blick\/\" \/>\n<meta property=\"og:locale\" content=\"de_DE\" \/>\n<meta property=\"og:type\" content=\"article\" \/>\n<meta property=\"og:title\" content=\"MotoGP Sepang: zaterdag in vogelvlucht - Autobaak.nl\" \/>\n<meta property=\"og:description\" content=\"MotoGP Sepang: zaterdag in vogelvlucht\" \/>\n<meta property=\"og:url\" content=\"https:\/\/autobaak.nl\/de\/motogp-sepang-samstag-auf-einen-blick\/\" \/>\n<meta property=\"og:site_name\" content=\"Autobaak.nl\" \/>\n<meta property=\"article:published_time\" content=\"2025-10-26T05:46:20+00:00\" \/>\n<meta property=\"og:image\" content=\"https:\/\/autobaak.nl\/wp-content\/uploads\/2025\/10\/MotoGP-Sepang-zaterdag-in-vogelvlucht.jpg\" \/>\n\t<meta property=\"og:image:width\" content=\"1080\" \/>\n\t<meta property=\"og:image:height\" content=\"1080\" \/>\n\t<meta property=\"og:image:type\" content=\"image\/jpeg\" \/>\n<meta name=\"author\" content=\"Stijn\" \/>\n<meta name=\"twitter:card\" content=\"summary_large_image\" \/>\n<meta name=\"twitter:label1\" content=\"Verfasst von\" \/>\n\t<meta name=\"twitter:data1\" content=\"Stijn\" \/>\n\t<meta name=\"twitter:label2\" content=\"Gesch\u00e4tzte Lesezeit\" \/>\n\t<meta name=\"twitter:data2\" content=\"3\u00a0Minuten\" \/>\n<script type=\"application\/ld+json\" class=\"yoast-schema-graph\">{\"@context\":\"https:\\\/\\\/schema.org\",\"@graph\":[{\"@type\":\"Article\",\"@id\":\"https:\\\/\\\/autobaak.nl\\\/motogp-sepang-zaterdag-in-vogelvlucht\\\/#article\",\"isPartOf\":{\"@id\":\"https:\\\/\\\/autobaak.nl\\\/motogp-sepang-zaterdag-in-vogelvlucht\\\/\"},\"author\":{\"name\":\"Stijn\",\"@id\":\"https:\\\/\\\/autobaak.nl\\\/#\\\/schema\\\/person\\\/539ebe80a38d4476550c564f37c97c41\"},\"headline\":\"MotoGP Sepang: zaterdag in vogelvlucht\",\"datePublished\":\"2025-10-26T05:46:20+00:00\",\"mainEntityOfPage\":{\"@id\":\"https:\\\/\\\/autobaak.nl\\\/motogp-sepang-zaterdag-in-vogelvlucht\\\/\"},\"wordCount\":579,\"image\":{\"@id\":\"https:\\\/\\\/autobaak.nl\\\/motogp-sepang-zaterdag-in-vogelvlucht\\\/#primaryimage\"},\"thumbnailUrl\":\"https:\\\/\\\/autobaak.nl\\\/wp-content\\\/uploads\\\/2025\\\/10\\\/MotoGP-Sepang-zaterdag-in-vogelvlucht.jpg\",\"articleSection\":[\"MotoGP\"],\"inLanguage\":\"de\"},{\"@type\":\"WebPage\",\"@id\":\"https:\\\/\\\/autobaak.nl\\\/motogp-sepang-zaterdag-in-vogelvlucht\\\/\",\"url\":\"https:\\\/\\\/autobaak.nl\\\/motogp-sepang-zaterdag-in-vogelvlucht\\\/\",\"name\":\"MotoGP Sepang: zaterdag in vogelvlucht - Autobaak.nl\",\"isPartOf\":{\"@id\":\"https:\\\/\\\/autobaak.nl\\\/#website\"},\"primaryImageOfPage\":{\"@id\":\"https:\\\/\\\/autobaak.nl\\\/motogp-sepang-zaterdag-in-vogelvlucht\\\/#primaryimage\"},\"image\":{\"@id\":\"https:\\\/\\\/autobaak.nl\\\/motogp-sepang-zaterdag-in-vogelvlucht\\\/#primaryimage\"},\"thumbnailUrl\":\"https:\\\/\\\/autobaak.nl\\\/wp-content\\\/uploads\\\/2025\\\/10\\\/MotoGP-Sepang-zaterdag-in-vogelvlucht.jpg\",\"datePublished\":\"2025-10-26T05:46:20+00:00\",\"author\":{\"@id\":\"https:\\\/\\\/autobaak.nl\\\/#\\\/schema\\\/person\\\/539ebe80a38d4476550c564f37c97c41\"},\"description\":\"MotoGP Sepang: zaterdag in vogelvlucht\",\"breadcrumb\":{\"@id\":\"https:\\\/\\\/autobaak.nl\\\/motogp-sepang-zaterdag-in-vogelvlucht\\\/#breadcrumb\"},\"inLanguage\":\"de\",\"potentialAction\":[{\"@type\":\"ReadAction\",\"target\":[\"https:\\\/\\\/autobaak.nl\\\/motogp-sepang-zaterdag-in-vogelvlucht\\\/\"]}]},{\"@type\":\"ImageObject\",\"inLanguage\":\"de\",\"@id\":\"https:\\\/\\\/autobaak.nl\\\/motogp-sepang-zaterdag-in-vogelvlucht\\\/#primaryimage\",\"url\":\"https:\\\/\\\/autobaak.nl\\\/wp-content\\\/uploads\\\/2025\\\/10\\\/MotoGP-Sepang-zaterdag-in-vogelvlucht.jpg\",\"contentUrl\":\"https:\\\/\\\/autobaak.nl\\\/wp-content\\\/uploads\\\/2025\\\/10\\\/MotoGP-Sepang-zaterdag-in-vogelvlucht.jpg\",\"width\":1080,\"height\":1080},{\"@type\":\"BreadcrumbList\",\"@id\":\"https:\\\/\\\/autobaak.nl\\\/motogp-sepang-zaterdag-in-vogelvlucht\\\/#breadcrumb\",\"itemListElement\":[{\"@type\":\"ListItem\",\"position\":1,\"name\":\"Home\",\"item\":\"https:\\\/\\\/autobaak.nl\\\/\"},{\"@type\":\"ListItem\",\"position\":2,\"name\":\"MotoGP Sepang: zaterdag in vogelvlucht\"}]},{\"@type\":\"WebSite\",\"@id\":\"https:\\\/\\\/autobaak.nl\\\/#website\",\"url\":\"https:\\\/\\\/autobaak.nl\\\/\",\"name\":\"Autobaak.nl\",\"description\":\"Cars &amp; Racing\",\"potentialAction\":[{\"@type\":\"SearchAction\",\"target\":{\"@type\":\"EntryPoint\",\"urlTemplate\":\"https:\\\/\\\/autobaak.nl\\\/?s={search_term_string}\"},\"query-input\":{\"@type\":\"PropertyValueSpecification\",\"valueRequired\":true,\"valueName\":\"search_term_string\"}}],\"inLanguage\":\"de\"},{\"@type\":\"Person\",\"@id\":\"https:\\\/\\\/autobaak.nl\\\/#\\\/schema\\\/person\\\/539ebe80a38d4476550c564f37c97c41\",\"name\":\"Stijn\",\"image\":{\"@type\":\"ImageObject\",\"inLanguage\":\"de\",\"@id\":\"https:\\\/\\\/secure.gravatar.com\\\/avatar\\\/73d703c9363ff42bbf2da26461876c8fc4008eeb645ca3e2d7cfc4c4fe901cf9?s=96&d=mm&r=g\",\"url\":\"https:\\\/\\\/secure.gravatar.com\\\/avatar\\\/73d703c9363ff42bbf2da26461876c8fc4008eeb645ca3e2d7cfc4c4fe901cf9?s=96&d=mm&r=g\",\"contentUrl\":\"https:\\\/\\\/secure.gravatar.com\\\/avatar\\\/73d703c9363ff42bbf2da26461876c8fc4008eeb645ca3e2d7cfc4c4fe901cf9?s=96&d=mm&r=g\",\"caption\":\"Stijn\"},\"url\":\"https:\\\/\\\/autobaak.nl\\\/de\\\/author\\\/admin\\\/\"}]}<\/script>\n<!-- \/ Yoast SEO plugin. -->","yoast_head_json":{"title":"MotoGP Sepang: Der Samstag in K\u00fcrze - Autobaak.de","description":"MotoGP Sepang: Der Samstag auf einen Blick","robots":{"index":"index","follow":"follow","max-snippet":"max-snippet:-1","max-image-preview":"max-image-preview:large","max-video-preview":"max-video-preview:-1"},"canonical":"https:\/\/autobaak.nl\/de\/motogp-sepang-samstag-auf-einen-blick\/","og_locale":"de_DE","og_type":"article","og_title":"MotoGP Sepang: zaterdag in vogelvlucht - Autobaak.nl","og_description":"MotoGP Sepang: zaterdag in vogelvlucht","og_url":"https:\/\/autobaak.nl\/de\/motogp-sepang-samstag-auf-einen-blick\/","og_site_name":"Autobaak.nl","article_published_time":"2025-10-26T05:46:20+00:00","og_image":[{"width":1080,"height":1080,"url":"https:\/\/autobaak.nl\/wp-content\/uploads\/2025\/10\/MotoGP-Sepang-zaterdag-in-vogelvlucht.jpg","type":"image\/jpeg"}],"author":"Stijn","twitter_card":"summary_large_image","twitter_misc":{"Verfasst von":"Stijn","Gesch\u00e4tzte Lesezeit":"3\u00a0Minuten"},"schema":{"@context":"https:\/\/schema.org","@graph":[{"@type":"Article","@id":"https:\/\/autobaak.nl\/motogp-sepang-zaterdag-in-vogelvlucht\/#article","isPartOf":{"@id":"https:\/\/autobaak.nl\/motogp-sepang-zaterdag-in-vogelvlucht\/"},"author":{"name":"Stijn","@id":"https:\/\/autobaak.nl\/#\/schema\/person\/539ebe80a38d4476550c564f37c97c41"},"headline":"MotoGP Sepang: zaterdag in vogelvlucht","datePublished":"2025-10-26T05:46:20+00:00","mainEntityOfPage":{"@id":"https:\/\/autobaak.nl\/motogp-sepang-zaterdag-in-vogelvlucht\/"},"wordCount":579,"image":{"@id":"https:\/\/autobaak.nl\/motogp-sepang-zaterdag-in-vogelvlucht\/#primaryimage"},"thumbnailUrl":"https:\/\/autobaak.nl\/wp-content\/uploads\/2025\/10\/MotoGP-Sepang-zaterdag-in-vogelvlucht.jpg","articleSection":["MotoGP"],"inLanguage":"de"},{"@type":"WebPage","@id":"https:\/\/autobaak.nl\/motogp-sepang-zaterdag-in-vogelvlucht\/","url":"https:\/\/autobaak.nl\/motogp-sepang-zaterdag-in-vogelvlucht\/","name":"MotoGP Sepang: Der Samstag in K\u00fcrze - Autobaak.de","isPartOf":{"@id":"https:\/\/autobaak.nl\/#website"},"primaryImageOfPage":{"@id":"https:\/\/autobaak.nl\/motogp-sepang-zaterdag-in-vogelvlucht\/#primaryimage"},"image":{"@id":"https:\/\/autobaak.nl\/motogp-sepang-zaterdag-in-vogelvlucht\/#primaryimage"},"thumbnailUrl":"https:\/\/autobaak.nl\/wp-content\/uploads\/2025\/10\/MotoGP-Sepang-zaterdag-in-vogelvlucht.jpg","datePublished":"2025-10-26T05:46:20+00:00","author":{"@id":"https:\/\/autobaak.nl\/#\/schema\/person\/539ebe80a38d4476550c564f37c97c41"},"description":"MotoGP Sepang: Der Samstag auf einen Blick","breadcrumb":{"@id":"https:\/\/autobaak.nl\/motogp-sepang-zaterdag-in-vogelvlucht\/#breadcrumb"},"inLanguage":"de","potentialAction":[{"@type":"ReadAction","target":["https:\/\/autobaak.nl\/motogp-sepang-zaterdag-in-vogelvlucht\/"]}]},{"@type":"ImageObject","inLanguage":"de","@id":"https:\/\/autobaak.nl\/motogp-sepang-zaterdag-in-vogelvlucht\/#primaryimage","url":"https:\/\/autobaak.nl\/wp-content\/uploads\/2025\/10\/MotoGP-Sepang-zaterdag-in-vogelvlucht.jpg","contentUrl":"https:\/\/autobaak.nl\/wp-content\/uploads\/2025\/10\/MotoGP-Sepang-zaterdag-in-vogelvlucht.jpg","width":1080,"height":1080},{"@type":"BreadcrumbList","@id":"https:\/\/autobaak.nl\/motogp-sepang-zaterdag-in-vogelvlucht\/#breadcrumb","itemListElement":[{"@type":"ListItem","position":1,"name":"Home","item":"https:\/\/autobaak.nl\/"},{"@type":"ListItem","position":2,"name":"MotoGP Sepang: zaterdag in vogelvlucht"}]},{"@type":"WebSite","@id":"https:\/\/autobaak.nl\/#website","url":"https:\/\/autobaak.nl\/","name":"Autobook.de","description":"Autos &amp; Rennsport","potentialAction":[{"@type":"SearchAction","target":{"@type":"EntryPoint","urlTemplate":"https:\/\/autobaak.nl\/?s={search_term_string}"},"query-input":{"@type":"PropertyValueSpecification","valueRequired":true,"valueName":"search_term_string"}}],"inLanguage":"de"},{"@type":"Person","@id":"https:\/\/autobaak.nl\/#\/schema\/person\/539ebe80a38d4476550c564f37c97c41","name":"Stijn","image":{"@type":"ImageObject","inLanguage":"de","@id":"https:\/\/secure.gravatar.com\/avatar\/73d703c9363ff42bbf2da26461876c8fc4008eeb645ca3e2d7cfc4c4fe901cf9?s=96&d=mm&r=g","url":"https:\/\/secure.gravatar.com\/avatar\/73d703c9363ff42bbf2da26461876c8fc4008eeb645ca3e2d7cfc4c4fe901cf9?s=96&d=mm&r=g","contentUrl":"https:\/\/secure.gravatar.com\/avatar\/73d703c9363ff42bbf2da26461876c8fc4008eeb645ca3e2d7cfc4c4fe901cf9?s=96&d=mm&r=g","caption":"Stijn"},"url":"https:\/\/autobaak.nl\/de\/author\/admin\/"}]}},"_links":{"self":[{"href":"https:\/\/autobaak.nl\/de\/wp-json\/wp\/v2\/posts\/157707","targetHints":{"allow":["GET"]}}],"collection":[{"href":"https:\/\/autobaak.nl\/de\/wp-json\/wp\/v2\/posts"}],"about":[{"href":"https:\/\/autobaak.nl\/de\/wp-json\/wp\/v2\/types\/post"}],"author":[{"embeddable":true,"href":"https:\/\/autobaak.nl\/de\/wp-json\/wp\/v2\/users\/1"}],"replies":[{"embeddable":true,"href":"https:\/\/autobaak.nl\/de\/wp-json\/wp\/v2\/comments?post=157707"}],"version-history":[{"count":1,"href":"https:\/\/autobaak.nl\/de\/wp-json\/wp\/v2\/posts\/157707\/revisions"}],"predecessor-version":[{"id":157708,"href":"https:\/\/autobaak.nl\/de\/wp-json\/wp\/v2\/posts\/157707\/revisions\/157708"}],"wp:featuredmedia":[{"embeddable":true,"href":"https:\/\/autobaak.nl\/de\/wp-json\/wp\/v2\/media\/157706"}],"wp:attachment":[{"href":"https:\/\/autobaak.nl\/de\/wp-json\/wp\/v2\/media?parent=157707"}],"wp:term":[{"taxonomy":"category","embeddable":true,"href":"https:\/\/autobaak.nl\/de\/wp-json\/wp\/v2\/categories?post=157707"},{"taxonomy":"post_tag","embeddable":true,"href":"https:\/\/autobaak.nl\/de\/wp-json\/wp\/v2\/tags?post=157707"}],"curies":[{"name":"wp","href":"https:\/\/api.w.org\/{rel}","templated":true}]}}