{"id":157878,"date":"2025-11-05T07:30:25","date_gmt":"2025-11-05T06:30:25","guid":{"rendered":"https:\/\/autobaak.nl\/?p=157878"},"modified":"2025-11-05T07:30:25","modified_gmt":"2025-11-05T06:30:25","slug":"aitken-zu-wec-dtm-zukunft-ungewiss","status":"publish","type":"post","link":"https:\/\/autobaak.nl\/de\/aitken-zu-wec-dtm-zukunft-ungewiss\/","title":{"rendered":"Aitken zur WEC: DTM-Zukunft ungewiss"},"content":{"rendered":"<h2>WEC-Rookie-Test wirft Fragezeichen auf<\/h2>\n<p>Jack Aitken wurde von der WEC f\u00fcr den Rookie-Test beim Saisonfinale in Bahrain berufen. Er teilt sich diese Aufgabe bei Jota-Cadillac mit Ricky Taylor. Der Test ist f\u00fcr Sonntag, am Ende der WEC-Saison, geplant.<\/p>\n<p>Diese Ank\u00fcndigung und sein bereits best\u00e4tigter Verbleib bei Action Express in der IMSA erwecken den Eindruck, dass Aitken in der n\u00e4chsten Saison m\u00f6glicherweise nicht mehr Vollzeit in der DTM fahren wird. In dieser Saison schaffte es der 30-j\u00e4hrige Brite mit dem Emil-Frey-Ferrari-Team bis ins Finale um den DTM-Titel, doch Pech und Fehler in der Schlussphase warfen ihn zur\u00fcck.<\/p>\n<h2>Emil-Frey reagiert und bereitet sich vor<\/h2>\n<p>Teamchef Lorenz Frey-Hilti sagte, er sei von der Ank\u00fcndigung \u00fcberrascht, aber auch realistisch. Die Chance auf ein Doppelprogramm mit Cadillac sei immer gegeben gewesen, so Frey-Hilti. Emil-Frey hat Aitken klar gemacht, dass das Team einen Fahrer will, der sich voll auf die DTM konzentrieren kann. Sollte Aitken tats\u00e4chlich ein kombiniertes Programm erhalten, wird sich Emil-Frey nach einem Ersatz umsehen.<\/p>\n<p>Cadillac selbst muss Aitken nicht auf seine Geschwindigkeit testen. Er ist seit vielen Jahren Werksfahrer f\u00fcr General Motors und f\u00e4hrt seit 2023 den LMDh in der IMSA, auch in Le Mans. Der Rookie-Test bei Jota scheint vor allem dazu zu dienen, ihn in das Jota-Werksteam zu integrieren, nachdem Jenson Button seinen R\u00fccktritt angek\u00fcndigt hat und das Cockpit des Cadillac #38 frei wird.<\/p>\n<ul>\n<li>Was die Ank\u00fcndigung bedeutet: Es ist wahrscheinlich, dass Aitken ein Doppelprogramm bei Cadillac hat und deshalb weniger f\u00fcr die DTM zur Verf\u00fcgung steht.<\/li>\n<li>Warum das ein Problem sein k\u00f6nnte: Emil-Frey m\u00f6chte einen Fahrer, der sich ganz auf die DTM-Tests und den Rennsport konzentrieren kann.<\/li>\n<li>Was Cadillac will: Aitken kennt die V-Series.R und der Test hilft ihm, sich im Jota-Arbeitsteam einzuleben.<\/li>\n<li>Wie geht es weiter? Emil-Frey sucht nach einer Alternative, und es wird erwartet, dass in den kommenden Monaten Klarheit herrscht.<\/li>\n<\/ul>\n<p>Aitken selbst sagte, dass er die DTM vermissen w\u00fcrde und dass er eine vierte Saison mit Emil-Frey vorgezogen h\u00e4tte. Im Moment sieht es so aus, als ob Aitkens Zukunft in Richtung WEC und dem Jota-Cadillac-Projekt geht, aber eine endg\u00fcltige Best\u00e4tigung steht noch aus.<\/p>","protected":false},"excerpt":{"rendered":"<p>WEC-Rookie-Test wirft Fragezeichen auf Jack Aitken wurde von der WEC f\u00fcr den Rookie-Test beim Saisonfinale in Bahrain berufen. Er teilt sich diese Aufgabe bei Jota-Cadillac mit Ricky Taylor. Der Test ist f\u00fcr Sonntag, am Ende der WEC-Saison, geplant. Diese Ank\u00fcndigung, zusammen mit seiner zuvor best\u00e4tigten Fortsetzung mit Action Express in der IMSA, erweckt den Eindruck [...]<\/p>","protected":false},"author":1,"featured_media":157877,"comment_status":"closed","ping_status":"closed","sticky":false,"template":"","format":"standard","meta":{"_et_pb_use_builder":"","_et_pb_old_content":"","_et_gb_content_width":"","footnotes":""},"categories":[2276],"tags":[],"class_list":["post-157878","post","type-post","status-publish","format-standard","has-post-thumbnail","hentry","category-dtm"],"yoast_head":"<!-- This site is optimized with the Yoast SEO plugin v27.4 - https:\/\/yoast.com\/product\/yoast-seo-wordpress\/ -->\n<title>Aitken naar WEC: DTM-toekomst onzeker - Autobaak.nl<\/title>\n<meta name=\"description\" content=\"Aitken naar WEC: DTM-toekomst onzeker\" \/>\n<meta name=\"robots\" content=\"index, follow, max-snippet:-1, max-image-preview:large, max-video-preview:-1\" \/>\n<link rel=\"canonical\" href=\"https:\/\/autobaak.nl\/de\/aitken-zu-wec-dtm-zukunft-ungewiss\/\" \/>\n<meta property=\"og:locale\" content=\"de_DE\" \/>\n<meta property=\"og:type\" content=\"article\" \/>\n<meta property=\"og:title\" content=\"Aitken naar WEC: DTM-toekomst onzeker - Autobaak.nl\" \/>\n<meta property=\"og:description\" content=\"Aitken naar WEC: DTM-toekomst onzeker\" \/>\n<meta property=\"og:url\" content=\"https:\/\/autobaak.nl\/de\/aitken-zu-wec-dtm-zukunft-ungewiss\/\" \/>\n<meta property=\"og:site_name\" content=\"Autobaak.nl\" \/>\n<meta property=\"article:published_time\" content=\"2025-11-05T06:30:25+00:00\" \/>\n<meta property=\"og:image\" content=\"https:\/\/autobaak.nl\/wp-content\/uploads\/2025\/11\/Aitken-naar-WEC-DTM-toekomst-onzeker.jpg\" \/>\n\t<meta property=\"og:image:width\" content=\"1080\" \/>\n\t<meta property=\"og:image:height\" content=\"1080\" \/>\n\t<meta property=\"og:image:type\" content=\"image\/jpeg\" \/>\n<meta name=\"author\" content=\"Stijn\" \/>\n<meta name=\"twitter:card\" content=\"summary_large_image\" \/>\n<meta name=\"twitter:label1\" content=\"Verfasst von\" \/>\n\t<meta name=\"twitter:data1\" content=\"Stijn\" \/>\n\t<meta name=\"twitter:label2\" content=\"Gesch\u00e4tzte Lesezeit\" \/>\n\t<meta name=\"twitter:data2\" content=\"2\u00a0Minuten\" \/>\n<script type=\"application\/ld+json\" class=\"yoast-schema-graph\">{\"@context\":\"https:\\\/\\\/schema.org\",\"@graph\":[{\"@type\":\"Article\",\"@id\":\"https:\\\/\\\/autobaak.nl\\\/aitken-naar-wec-dtm-toekomst-onzeker\\\/#article\",\"isPartOf\":{\"@id\":\"https:\\\/\\\/autobaak.nl\\\/aitken-naar-wec-dtm-toekomst-onzeker\\\/\"},\"author\":{\"name\":\"Stijn\",\"@id\":\"https:\\\/\\\/autobaak.nl\\\/#\\\/schema\\\/person\\\/539ebe80a38d4476550c564f37c97c41\"},\"headline\":\"Aitken naar WEC: DTM-toekomst onzeker\",\"datePublished\":\"2025-11-05T06:30:25+00:00\",\"mainEntityOfPage\":{\"@id\":\"https:\\\/\\\/autobaak.nl\\\/aitken-naar-wec-dtm-toekomst-onzeker\\\/\"},\"wordCount\":330,\"image\":{\"@id\":\"https:\\\/\\\/autobaak.nl\\\/aitken-naar-wec-dtm-toekomst-onzeker\\\/#primaryimage\"},\"thumbnailUrl\":\"https:\\\/\\\/autobaak.nl\\\/wp-content\\\/uploads\\\/2025\\\/11\\\/Aitken-naar-WEC-DTM-toekomst-onzeker.jpg\",\"articleSection\":[\"DTM\"],\"inLanguage\":\"de\"},{\"@type\":\"WebPage\",\"@id\":\"https:\\\/\\\/autobaak.nl\\\/aitken-naar-wec-dtm-toekomst-onzeker\\\/\",\"url\":\"https:\\\/\\\/autobaak.nl\\\/aitken-naar-wec-dtm-toekomst-onzeker\\\/\",\"name\":\"Aitken naar WEC: DTM-toekomst onzeker - Autobaak.nl\",\"isPartOf\":{\"@id\":\"https:\\\/\\\/autobaak.nl\\\/#website\"},\"primaryImageOfPage\":{\"@id\":\"https:\\\/\\\/autobaak.nl\\\/aitken-naar-wec-dtm-toekomst-onzeker\\\/#primaryimage\"},\"image\":{\"@id\":\"https:\\\/\\\/autobaak.nl\\\/aitken-naar-wec-dtm-toekomst-onzeker\\\/#primaryimage\"},\"thumbnailUrl\":\"https:\\\/\\\/autobaak.nl\\\/wp-content\\\/uploads\\\/2025\\\/11\\\/Aitken-naar-WEC-DTM-toekomst-onzeker.jpg\",\"datePublished\":\"2025-11-05T06:30:25+00:00\",\"author\":{\"@id\":\"https:\\\/\\\/autobaak.nl\\\/#\\\/schema\\\/person\\\/539ebe80a38d4476550c564f37c97c41\"},\"description\":\"Aitken naar WEC: DTM-toekomst onzeker\",\"breadcrumb\":{\"@id\":\"https:\\\/\\\/autobaak.nl\\\/aitken-naar-wec-dtm-toekomst-onzeker\\\/#breadcrumb\"},\"inLanguage\":\"de\",\"potentialAction\":[{\"@type\":\"ReadAction\",\"target\":[\"https:\\\/\\\/autobaak.nl\\\/aitken-naar-wec-dtm-toekomst-onzeker\\\/\"]}]},{\"@type\":\"ImageObject\",\"inLanguage\":\"de\",\"@id\":\"https:\\\/\\\/autobaak.nl\\\/aitken-naar-wec-dtm-toekomst-onzeker\\\/#primaryimage\",\"url\":\"https:\\\/\\\/autobaak.nl\\\/wp-content\\\/uploads\\\/2025\\\/11\\\/Aitken-naar-WEC-DTM-toekomst-onzeker.jpg\",\"contentUrl\":\"https:\\\/\\\/autobaak.nl\\\/wp-content\\\/uploads\\\/2025\\\/11\\\/Aitken-naar-WEC-DTM-toekomst-onzeker.jpg\",\"width\":1080,\"height\":1080},{\"@type\":\"BreadcrumbList\",\"@id\":\"https:\\\/\\\/autobaak.nl\\\/aitken-naar-wec-dtm-toekomst-onzeker\\\/#breadcrumb\",\"itemListElement\":[{\"@type\":\"ListItem\",\"position\":1,\"name\":\"Home\",\"item\":\"https:\\\/\\\/autobaak.nl\\\/\"},{\"@type\":\"ListItem\",\"position\":2,\"name\":\"Aitken naar WEC: DTM-toekomst onzeker\"}]},{\"@type\":\"WebSite\",\"@id\":\"https:\\\/\\\/autobaak.nl\\\/#website\",\"url\":\"https:\\\/\\\/autobaak.nl\\\/\",\"name\":\"Autobaak.nl\",\"description\":\"Cars &amp; Racing\",\"potentialAction\":[{\"@type\":\"SearchAction\",\"target\":{\"@type\":\"EntryPoint\",\"urlTemplate\":\"https:\\\/\\\/autobaak.nl\\\/?s={search_term_string}\"},\"query-input\":{\"@type\":\"PropertyValueSpecification\",\"valueRequired\":true,\"valueName\":\"search_term_string\"}}],\"inLanguage\":\"de\"},{\"@type\":\"Person\",\"@id\":\"https:\\\/\\\/autobaak.nl\\\/#\\\/schema\\\/person\\\/539ebe80a38d4476550c564f37c97c41\",\"name\":\"Stijn\",\"image\":{\"@type\":\"ImageObject\",\"inLanguage\":\"de\",\"@id\":\"https:\\\/\\\/secure.gravatar.com\\\/avatar\\\/73d703c9363ff42bbf2da26461876c8fc4008eeb645ca3e2d7cfc4c4fe901cf9?s=96&d=mm&r=g\",\"url\":\"https:\\\/\\\/secure.gravatar.com\\\/avatar\\\/73d703c9363ff42bbf2da26461876c8fc4008eeb645ca3e2d7cfc4c4fe901cf9?s=96&d=mm&r=g\",\"contentUrl\":\"https:\\\/\\\/secure.gravatar.com\\\/avatar\\\/73d703c9363ff42bbf2da26461876c8fc4008eeb645ca3e2d7cfc4c4fe901cf9?s=96&d=mm&r=g\",\"caption\":\"Stijn\"},\"url\":\"https:\\\/\\\/autobaak.nl\\\/de\\\/author\\\/admin\\\/\"}]}<\/script>\n<!-- \/ Yoast SEO plugin. -->","yoast_head_json":{"title":"Aitken zur WEC: DTM-Zukunft ungewiss - Autobaak.de","description":"Aitken zur WEC: DTM-Zukunft ungewiss","robots":{"index":"index","follow":"follow","max-snippet":"max-snippet:-1","max-image-preview":"max-image-preview:large","max-video-preview":"max-video-preview:-1"},"canonical":"https:\/\/autobaak.nl\/de\/aitken-zu-wec-dtm-zukunft-ungewiss\/","og_locale":"de_DE","og_type":"article","og_title":"Aitken naar WEC: DTM-toekomst onzeker - Autobaak.nl","og_description":"Aitken naar WEC: DTM-toekomst onzeker","og_url":"https:\/\/autobaak.nl\/de\/aitken-zu-wec-dtm-zukunft-ungewiss\/","og_site_name":"Autobaak.nl","article_published_time":"2025-11-05T06:30:25+00:00","og_image":[{"width":1080,"height":1080,"url":"https:\/\/autobaak.nl\/wp-content\/uploads\/2025\/11\/Aitken-naar-WEC-DTM-toekomst-onzeker.jpg","type":"image\/jpeg"}],"author":"Stijn","twitter_card":"summary_large_image","twitter_misc":{"Verfasst von":"Stijn","Gesch\u00e4tzte Lesezeit":"2\u00a0Minuten"},"schema":{"@context":"https:\/\/schema.org","@graph":[{"@type":"Article","@id":"https:\/\/autobaak.nl\/aitken-naar-wec-dtm-toekomst-onzeker\/#article","isPartOf":{"@id":"https:\/\/autobaak.nl\/aitken-naar-wec-dtm-toekomst-onzeker\/"},"author":{"name":"Stijn","@id":"https:\/\/autobaak.nl\/#\/schema\/person\/539ebe80a38d4476550c564f37c97c41"},"headline":"Aitken naar WEC: DTM-toekomst onzeker","datePublished":"2025-11-05T06:30:25+00:00","mainEntityOfPage":{"@id":"https:\/\/autobaak.nl\/aitken-naar-wec-dtm-toekomst-onzeker\/"},"wordCount":330,"image":{"@id":"https:\/\/autobaak.nl\/aitken-naar-wec-dtm-toekomst-onzeker\/#primaryimage"},"thumbnailUrl":"https:\/\/autobaak.nl\/wp-content\/uploads\/2025\/11\/Aitken-naar-WEC-DTM-toekomst-onzeker.jpg","articleSection":["DTM"],"inLanguage":"de"},{"@type":"WebPage","@id":"https:\/\/autobaak.nl\/aitken-naar-wec-dtm-toekomst-onzeker\/","url":"https:\/\/autobaak.nl\/aitken-naar-wec-dtm-toekomst-onzeker\/","name":"Aitken zur WEC: DTM-Zukunft ungewiss - Autobaak.de","isPartOf":{"@id":"https:\/\/autobaak.nl\/#website"},"primaryImageOfPage":{"@id":"https:\/\/autobaak.nl\/aitken-naar-wec-dtm-toekomst-onzeker\/#primaryimage"},"image":{"@id":"https:\/\/autobaak.nl\/aitken-naar-wec-dtm-toekomst-onzeker\/#primaryimage"},"thumbnailUrl":"https:\/\/autobaak.nl\/wp-content\/uploads\/2025\/11\/Aitken-naar-WEC-DTM-toekomst-onzeker.jpg","datePublished":"2025-11-05T06:30:25+00:00","author":{"@id":"https:\/\/autobaak.nl\/#\/schema\/person\/539ebe80a38d4476550c564f37c97c41"},"description":"Aitken zur WEC: DTM-Zukunft ungewiss","breadcrumb":{"@id":"https:\/\/autobaak.nl\/aitken-naar-wec-dtm-toekomst-onzeker\/#breadcrumb"},"inLanguage":"de","potentialAction":[{"@type":"ReadAction","target":["https:\/\/autobaak.nl\/aitken-naar-wec-dtm-toekomst-onzeker\/"]}]},{"@type":"ImageObject","inLanguage":"de","@id":"https:\/\/autobaak.nl\/aitken-naar-wec-dtm-toekomst-onzeker\/#primaryimage","url":"https:\/\/autobaak.nl\/wp-content\/uploads\/2025\/11\/Aitken-naar-WEC-DTM-toekomst-onzeker.jpg","contentUrl":"https:\/\/autobaak.nl\/wp-content\/uploads\/2025\/11\/Aitken-naar-WEC-DTM-toekomst-onzeker.jpg","width":1080,"height":1080},{"@type":"BreadcrumbList","@id":"https:\/\/autobaak.nl\/aitken-naar-wec-dtm-toekomst-onzeker\/#breadcrumb","itemListElement":[{"@type":"ListItem","position":1,"name":"Home","item":"https:\/\/autobaak.nl\/"},{"@type":"ListItem","position":2,"name":"Aitken naar WEC: DTM-toekomst onzeker"}]},{"@type":"WebSite","@id":"https:\/\/autobaak.nl\/#website","url":"https:\/\/autobaak.nl\/","name":"Autobook.de","description":"Autos &amp; Rennsport","potentialAction":[{"@type":"SearchAction","target":{"@type":"EntryPoint","urlTemplate":"https:\/\/autobaak.nl\/?s={search_term_string}"},"query-input":{"@type":"PropertyValueSpecification","valueRequired":true,"valueName":"search_term_string"}}],"inLanguage":"de"},{"@type":"Person","@id":"https:\/\/autobaak.nl\/#\/schema\/person\/539ebe80a38d4476550c564f37c97c41","name":"Stijn","image":{"@type":"ImageObject","inLanguage":"de","@id":"https:\/\/secure.gravatar.com\/avatar\/73d703c9363ff42bbf2da26461876c8fc4008eeb645ca3e2d7cfc4c4fe901cf9?s=96&d=mm&r=g","url":"https:\/\/secure.gravatar.com\/avatar\/73d703c9363ff42bbf2da26461876c8fc4008eeb645ca3e2d7cfc4c4fe901cf9?s=96&d=mm&r=g","contentUrl":"https:\/\/secure.gravatar.com\/avatar\/73d703c9363ff42bbf2da26461876c8fc4008eeb645ca3e2d7cfc4c4fe901cf9?s=96&d=mm&r=g","caption":"Stijn"},"url":"https:\/\/autobaak.nl\/de\/author\/admin\/"}]}},"_links":{"self":[{"href":"https:\/\/autobaak.nl\/de\/wp-json\/wp\/v2\/posts\/157878","targetHints":{"allow":["GET"]}}],"collection":[{"href":"https:\/\/autobaak.nl\/de\/wp-json\/wp\/v2\/posts"}],"about":[{"href":"https:\/\/autobaak.nl\/de\/wp-json\/wp\/v2\/types\/post"}],"author":[{"embeddable":true,"href":"https:\/\/autobaak.nl\/de\/wp-json\/wp\/v2\/users\/1"}],"replies":[{"embeddable":true,"href":"https:\/\/autobaak.nl\/de\/wp-json\/wp\/v2\/comments?post=157878"}],"version-history":[{"count":1,"href":"https:\/\/autobaak.nl\/de\/wp-json\/wp\/v2\/posts\/157878\/revisions"}],"predecessor-version":[{"id":157879,"href":"https:\/\/autobaak.nl\/de\/wp-json\/wp\/v2\/posts\/157878\/revisions\/157879"}],"wp:featuredmedia":[{"embeddable":true,"href":"https:\/\/autobaak.nl\/de\/wp-json\/wp\/v2\/media\/157877"}],"wp:attachment":[{"href":"https:\/\/autobaak.nl\/de\/wp-json\/wp\/v2\/media?parent=157878"}],"wp:term":[{"taxonomy":"category","embeddable":true,"href":"https:\/\/autobaak.nl\/de\/wp-json\/wp\/v2\/categories?post=157878"},{"taxonomy":"post_tag","embeddable":true,"href":"https:\/\/autobaak.nl\/de\/wp-json\/wp\/v2\/tags?post=157878"}],"curies":[{"name":"wp","href":"https:\/\/api.w.org\/{rel}","templated":true}]}}