{"id":158014,"date":"2025-11-08T22:42:31","date_gmt":"2025-11-08T21:42:31","guid":{"rendered":"https:\/\/autobaak.nl\/?p=158014"},"modified":"2025-11-08T22:42:31","modified_gmt":"2025-11-08T21:42:31","slug":"bezzecchi-holt-sich-die-poleposition-in-portugal","status":"publish","type":"post","link":"https:\/\/autobaak.nl\/de\/bezzecchi-holt-sich-die-poleposition-in-portugal\/","title":{"rendered":"Bezzecchi holt Pole in Portugal"},"content":{"rendered":"<h2>Bezzecchi dominiert das Qualifying<\/h2>\n<p>Marco Bezzecchi holte sich die Pole Position im MotoGP-Qualifying auf dem Aut\u00f3dromo Internacional do Algarve am Samstag. Auf seiner Aprilia Racing RS-GP25 fuhr er eine schnelle Runde von 1:37,556 und setzte sich damit an die Spitze des 22-k\u00f6pfigen Fahrerfeldes.<\/p>\n<h2>Vordere Reihen und Zeiten<\/h2>\n<p>Pedro Acosta war der beste Verfolger mit einer Zeit von 1:37.706 auf seiner Red Bull KTM Factory. Fabio Quartararo komplettierte die erste Startreihe mit 1:37,860 auf seiner Monster Energy Yamaha YZF-M1. Die zweite Startreihe bestand aus Francesco Bagnaia, Alex Marquez und Johann Zarco.<\/p>\n<ul>\n<li>1. Marco Bezzecchi - 1:37,556 (Aprilia Racing RS-GP25)<\/li>\n<li>2. Pedro Acosta - 1:37.706 (Red Bull KTM Factory)<\/li>\n<li>3. Fabio Quartararo - 1:37,860 (Monster Energy Yamaha YZF-M1)<\/li>\n<li>4. Francesco Bagnaia - 1:37,935 (Lenovo Team Ducati)<\/li>\n<li>5. Alex Marquez - 1:37,987 (BK8 Gresini Ducati)<\/li>\n<li>6. Johann Zarco - 1:38,059 (Castrol Honda LCR)<\/li>\n<\/ul>\n<h2>Was dies f\u00fcr das Rennen bedeutet<\/h2>\n<p>Ein guter Start ist in der Algarve entscheidend. Bezzecchi hat nun die beste Ausgangsposition f\u00fcr die ersten Kurven und kann in der ersten Runde die Kontrolle \u00fcber das Rennen \u00fcbernehmen. Acosta und Quartararo wollen gleich in den ersten Runden Druck machen, w\u00e4hrend Bagnaia und Marquez versuchen, von hinten anzuschlie\u00dfen.<\/p>\n<p>Kleine Zeitunterschiede werden die ersten 10 Runden entscheiden. Erwarten Sie einen erbitterten Kampf um die vorderen Pl\u00e4tze, vor allem auf einer Strecke, auf der \u00dcberholen m\u00f6glich, aber teuer ist.<\/p>","protected":false},"excerpt":{"rendered":"<p>Bezzecchi dominiert das Qualifying Marco Bezzecchi holte sich die Pole Position im MotoGP-Qualifying auf dem Aut\u00f3dromo Internacional do Algarve am Samstag. Auf seiner Aprilia Racing RS-GP25 fuhr er eine schnelle Runde von 1:37,556 und setzte sich damit an die Spitze des 22-k\u00f6pfigen Fahrerfeldes. Die vorderen Reihen und Zeiten Pedro Acosta war der beste Verfolger mit einer Zeit von 1:37,706 [...]<\/p>","protected":false},"author":1,"featured_media":158013,"comment_status":"closed","ping_status":"closed","sticky":false,"template":"","format":"standard","meta":{"_et_pb_use_builder":"","_et_pb_old_content":"","_et_gb_content_width":"","footnotes":""},"categories":[2275],"tags":[],"class_list":["post-158014","post","type-post","status-publish","format-standard","has-post-thumbnail","hentry","category-motogp"],"yoast_head":"<!-- This site is optimized with the Yoast SEO plugin v27.4 - https:\/\/yoast.com\/product\/yoast-seo-wordpress\/ -->\n<title>Bezzecchi pakt pole in Portugal - Autobaak.nl<\/title>\n<meta name=\"description\" content=\"Bezzecchi pakt pole in Portugal\" \/>\n<meta name=\"robots\" content=\"index, follow, max-snippet:-1, max-image-preview:large, max-video-preview:-1\" \/>\n<link rel=\"canonical\" href=\"https:\/\/autobaak.nl\/de\/bezzecchi-holt-sich-die-poleposition-in-portugal\/\" \/>\n<meta property=\"og:locale\" content=\"de_DE\" \/>\n<meta property=\"og:type\" content=\"article\" \/>\n<meta property=\"og:title\" content=\"Bezzecchi pakt pole in Portugal - Autobaak.nl\" \/>\n<meta property=\"og:description\" content=\"Bezzecchi pakt pole in Portugal\" \/>\n<meta property=\"og:url\" content=\"https:\/\/autobaak.nl\/de\/bezzecchi-holt-sich-die-poleposition-in-portugal\/\" \/>\n<meta property=\"og:site_name\" content=\"Autobaak.nl\" \/>\n<meta property=\"article:published_time\" content=\"2025-11-08T21:42:31+00:00\" \/>\n<meta property=\"og:image\" content=\"https:\/\/autobaak.nl\/wp-content\/uploads\/2025\/11\/Bezzecchi-pakt-pole-in-Portugal.jpg\" \/>\n\t<meta property=\"og:image:width\" content=\"1080\" \/>\n\t<meta property=\"og:image:height\" content=\"1080\" \/>\n\t<meta property=\"og:image:type\" content=\"image\/jpeg\" \/>\n<meta name=\"author\" content=\"Stijn\" \/>\n<meta name=\"twitter:card\" content=\"summary_large_image\" \/>\n<meta name=\"twitter:label1\" content=\"Verfasst von\" \/>\n\t<meta name=\"twitter:data1\" content=\"Stijn\" \/>\n\t<meta name=\"twitter:label2\" content=\"Gesch\u00e4tzte Lesezeit\" \/>\n\t<meta name=\"twitter:data2\" content=\"1\u00a0Minute\" \/>\n<script type=\"application\/ld+json\" class=\"yoast-schema-graph\">{\"@context\":\"https:\\\/\\\/schema.org\",\"@graph\":[{\"@type\":\"Article\",\"@id\":\"https:\\\/\\\/autobaak.nl\\\/bezzecchi-pakt-pole-in-portugal\\\/#article\",\"isPartOf\":{\"@id\":\"https:\\\/\\\/autobaak.nl\\\/bezzecchi-pakt-pole-in-portugal\\\/\"},\"author\":{\"name\":\"Stijn\",\"@id\":\"https:\\\/\\\/autobaak.nl\\\/#\\\/schema\\\/person\\\/539ebe80a38d4476550c564f37c97c41\"},\"headline\":\"Bezzecchi pakt pole in Portugal\",\"datePublished\":\"2025-11-08T21:42:31+00:00\",\"mainEntityOfPage\":{\"@id\":\"https:\\\/\\\/autobaak.nl\\\/bezzecchi-pakt-pole-in-portugal\\\/\"},\"wordCount\":203,\"image\":{\"@id\":\"https:\\\/\\\/autobaak.nl\\\/bezzecchi-pakt-pole-in-portugal\\\/#primaryimage\"},\"thumbnailUrl\":\"https:\\\/\\\/autobaak.nl\\\/wp-content\\\/uploads\\\/2025\\\/11\\\/Bezzecchi-pakt-pole-in-Portugal.jpg\",\"articleSection\":[\"MotoGP\"],\"inLanguage\":\"de\"},{\"@type\":\"WebPage\",\"@id\":\"https:\\\/\\\/autobaak.nl\\\/bezzecchi-pakt-pole-in-portugal\\\/\",\"url\":\"https:\\\/\\\/autobaak.nl\\\/bezzecchi-pakt-pole-in-portugal\\\/\",\"name\":\"Bezzecchi pakt pole in Portugal - Autobaak.nl\",\"isPartOf\":{\"@id\":\"https:\\\/\\\/autobaak.nl\\\/#website\"},\"primaryImageOfPage\":{\"@id\":\"https:\\\/\\\/autobaak.nl\\\/bezzecchi-pakt-pole-in-portugal\\\/#primaryimage\"},\"image\":{\"@id\":\"https:\\\/\\\/autobaak.nl\\\/bezzecchi-pakt-pole-in-portugal\\\/#primaryimage\"},\"thumbnailUrl\":\"https:\\\/\\\/autobaak.nl\\\/wp-content\\\/uploads\\\/2025\\\/11\\\/Bezzecchi-pakt-pole-in-Portugal.jpg\",\"datePublished\":\"2025-11-08T21:42:31+00:00\",\"author\":{\"@id\":\"https:\\\/\\\/autobaak.nl\\\/#\\\/schema\\\/person\\\/539ebe80a38d4476550c564f37c97c41\"},\"description\":\"Bezzecchi pakt pole in Portugal\",\"breadcrumb\":{\"@id\":\"https:\\\/\\\/autobaak.nl\\\/bezzecchi-pakt-pole-in-portugal\\\/#breadcrumb\"},\"inLanguage\":\"de\",\"potentialAction\":[{\"@type\":\"ReadAction\",\"target\":[\"https:\\\/\\\/autobaak.nl\\\/bezzecchi-pakt-pole-in-portugal\\\/\"]}]},{\"@type\":\"ImageObject\",\"inLanguage\":\"de\",\"@id\":\"https:\\\/\\\/autobaak.nl\\\/bezzecchi-pakt-pole-in-portugal\\\/#primaryimage\",\"url\":\"https:\\\/\\\/autobaak.nl\\\/wp-content\\\/uploads\\\/2025\\\/11\\\/Bezzecchi-pakt-pole-in-Portugal.jpg\",\"contentUrl\":\"https:\\\/\\\/autobaak.nl\\\/wp-content\\\/uploads\\\/2025\\\/11\\\/Bezzecchi-pakt-pole-in-Portugal.jpg\",\"width\":1080,\"height\":1080},{\"@type\":\"BreadcrumbList\",\"@id\":\"https:\\\/\\\/autobaak.nl\\\/bezzecchi-pakt-pole-in-portugal\\\/#breadcrumb\",\"itemListElement\":[{\"@type\":\"ListItem\",\"position\":1,\"name\":\"Home\",\"item\":\"https:\\\/\\\/autobaak.nl\\\/\"},{\"@type\":\"ListItem\",\"position\":2,\"name\":\"Bezzecchi pakt pole in Portugal\"}]},{\"@type\":\"WebSite\",\"@id\":\"https:\\\/\\\/autobaak.nl\\\/#website\",\"url\":\"https:\\\/\\\/autobaak.nl\\\/\",\"name\":\"Autobaak.nl\",\"description\":\"Cars &amp; Racing\",\"potentialAction\":[{\"@type\":\"SearchAction\",\"target\":{\"@type\":\"EntryPoint\",\"urlTemplate\":\"https:\\\/\\\/autobaak.nl\\\/?s={search_term_string}\"},\"query-input\":{\"@type\":\"PropertyValueSpecification\",\"valueRequired\":true,\"valueName\":\"search_term_string\"}}],\"inLanguage\":\"de\"},{\"@type\":\"Person\",\"@id\":\"https:\\\/\\\/autobaak.nl\\\/#\\\/schema\\\/person\\\/539ebe80a38d4476550c564f37c97c41\",\"name\":\"Stijn\",\"image\":{\"@type\":\"ImageObject\",\"inLanguage\":\"de\",\"@id\":\"https:\\\/\\\/secure.gravatar.com\\\/avatar\\\/73d703c9363ff42bbf2da26461876c8fc4008eeb645ca3e2d7cfc4c4fe901cf9?s=96&d=mm&r=g\",\"url\":\"https:\\\/\\\/secure.gravatar.com\\\/avatar\\\/73d703c9363ff42bbf2da26461876c8fc4008eeb645ca3e2d7cfc4c4fe901cf9?s=96&d=mm&r=g\",\"contentUrl\":\"https:\\\/\\\/secure.gravatar.com\\\/avatar\\\/73d703c9363ff42bbf2da26461876c8fc4008eeb645ca3e2d7cfc4c4fe901cf9?s=96&d=mm&r=g\",\"caption\":\"Stijn\"},\"url\":\"https:\\\/\\\/autobaak.nl\\\/de\\\/author\\\/admin\\\/\"}]}<\/script>\n<!-- \/ Yoast SEO plugin. -->","yoast_head_json":{"title":"Bezzecchi holt Pole in Portugal - Autobaak.de","description":"Bezzecchi holt Pole in Portugal","robots":{"index":"index","follow":"follow","max-snippet":"max-snippet:-1","max-image-preview":"max-image-preview:large","max-video-preview":"max-video-preview:-1"},"canonical":"https:\/\/autobaak.nl\/de\/bezzecchi-holt-sich-die-poleposition-in-portugal\/","og_locale":"de_DE","og_type":"article","og_title":"Bezzecchi pakt pole in Portugal - Autobaak.nl","og_description":"Bezzecchi pakt pole in Portugal","og_url":"https:\/\/autobaak.nl\/de\/bezzecchi-holt-sich-die-poleposition-in-portugal\/","og_site_name":"Autobaak.nl","article_published_time":"2025-11-08T21:42:31+00:00","og_image":[{"width":1080,"height":1080,"url":"https:\/\/autobaak.nl\/wp-content\/uploads\/2025\/11\/Bezzecchi-pakt-pole-in-Portugal.jpg","type":"image\/jpeg"}],"author":"Stijn","twitter_card":"summary_large_image","twitter_misc":{"Verfasst von":"Stijn","Gesch\u00e4tzte Lesezeit":"1\u00a0Minute"},"schema":{"@context":"https:\/\/schema.org","@graph":[{"@type":"Article","@id":"https:\/\/autobaak.nl\/bezzecchi-pakt-pole-in-portugal\/#article","isPartOf":{"@id":"https:\/\/autobaak.nl\/bezzecchi-pakt-pole-in-portugal\/"},"author":{"name":"Stijn","@id":"https:\/\/autobaak.nl\/#\/schema\/person\/539ebe80a38d4476550c564f37c97c41"},"headline":"Bezzecchi pakt pole in Portugal","datePublished":"2025-11-08T21:42:31+00:00","mainEntityOfPage":{"@id":"https:\/\/autobaak.nl\/bezzecchi-pakt-pole-in-portugal\/"},"wordCount":203,"image":{"@id":"https:\/\/autobaak.nl\/bezzecchi-pakt-pole-in-portugal\/#primaryimage"},"thumbnailUrl":"https:\/\/autobaak.nl\/wp-content\/uploads\/2025\/11\/Bezzecchi-pakt-pole-in-Portugal.jpg","articleSection":["MotoGP"],"inLanguage":"de"},{"@type":"WebPage","@id":"https:\/\/autobaak.nl\/bezzecchi-pakt-pole-in-portugal\/","url":"https:\/\/autobaak.nl\/bezzecchi-pakt-pole-in-portugal\/","name":"Bezzecchi holt Pole in Portugal - Autobaak.de","isPartOf":{"@id":"https:\/\/autobaak.nl\/#website"},"primaryImageOfPage":{"@id":"https:\/\/autobaak.nl\/bezzecchi-pakt-pole-in-portugal\/#primaryimage"},"image":{"@id":"https:\/\/autobaak.nl\/bezzecchi-pakt-pole-in-portugal\/#primaryimage"},"thumbnailUrl":"https:\/\/autobaak.nl\/wp-content\/uploads\/2025\/11\/Bezzecchi-pakt-pole-in-Portugal.jpg","datePublished":"2025-11-08T21:42:31+00:00","author":{"@id":"https:\/\/autobaak.nl\/#\/schema\/person\/539ebe80a38d4476550c564f37c97c41"},"description":"Bezzecchi holt Pole in Portugal","breadcrumb":{"@id":"https:\/\/autobaak.nl\/bezzecchi-pakt-pole-in-portugal\/#breadcrumb"},"inLanguage":"de","potentialAction":[{"@type":"ReadAction","target":["https:\/\/autobaak.nl\/bezzecchi-pakt-pole-in-portugal\/"]}]},{"@type":"ImageObject","inLanguage":"de","@id":"https:\/\/autobaak.nl\/bezzecchi-pakt-pole-in-portugal\/#primaryimage","url":"https:\/\/autobaak.nl\/wp-content\/uploads\/2025\/11\/Bezzecchi-pakt-pole-in-Portugal.jpg","contentUrl":"https:\/\/autobaak.nl\/wp-content\/uploads\/2025\/11\/Bezzecchi-pakt-pole-in-Portugal.jpg","width":1080,"height":1080},{"@type":"BreadcrumbList","@id":"https:\/\/autobaak.nl\/bezzecchi-pakt-pole-in-portugal\/#breadcrumb","itemListElement":[{"@type":"ListItem","position":1,"name":"Home","item":"https:\/\/autobaak.nl\/"},{"@type":"ListItem","position":2,"name":"Bezzecchi pakt pole in Portugal"}]},{"@type":"WebSite","@id":"https:\/\/autobaak.nl\/#website","url":"https:\/\/autobaak.nl\/","name":"Autobook.de","description":"Autos &amp; Rennsport","potentialAction":[{"@type":"SearchAction","target":{"@type":"EntryPoint","urlTemplate":"https:\/\/autobaak.nl\/?s={search_term_string}"},"query-input":{"@type":"PropertyValueSpecification","valueRequired":true,"valueName":"search_term_string"}}],"inLanguage":"de"},{"@type":"Person","@id":"https:\/\/autobaak.nl\/#\/schema\/person\/539ebe80a38d4476550c564f37c97c41","name":"Stijn","image":{"@type":"ImageObject","inLanguage":"de","@id":"https:\/\/secure.gravatar.com\/avatar\/73d703c9363ff42bbf2da26461876c8fc4008eeb645ca3e2d7cfc4c4fe901cf9?s=96&d=mm&r=g","url":"https:\/\/secure.gravatar.com\/avatar\/73d703c9363ff42bbf2da26461876c8fc4008eeb645ca3e2d7cfc4c4fe901cf9?s=96&d=mm&r=g","contentUrl":"https:\/\/secure.gravatar.com\/avatar\/73d703c9363ff42bbf2da26461876c8fc4008eeb645ca3e2d7cfc4c4fe901cf9?s=96&d=mm&r=g","caption":"Stijn"},"url":"https:\/\/autobaak.nl\/de\/author\/admin\/"}]}},"_links":{"self":[{"href":"https:\/\/autobaak.nl\/de\/wp-json\/wp\/v2\/posts\/158014","targetHints":{"allow":["GET"]}}],"collection":[{"href":"https:\/\/autobaak.nl\/de\/wp-json\/wp\/v2\/posts"}],"about":[{"href":"https:\/\/autobaak.nl\/de\/wp-json\/wp\/v2\/types\/post"}],"author":[{"embeddable":true,"href":"https:\/\/autobaak.nl\/de\/wp-json\/wp\/v2\/users\/1"}],"replies":[{"embeddable":true,"href":"https:\/\/autobaak.nl\/de\/wp-json\/wp\/v2\/comments?post=158014"}],"version-history":[{"count":1,"href":"https:\/\/autobaak.nl\/de\/wp-json\/wp\/v2\/posts\/158014\/revisions"}],"predecessor-version":[{"id":158015,"href":"https:\/\/autobaak.nl\/de\/wp-json\/wp\/v2\/posts\/158014\/revisions\/158015"}],"wp:featuredmedia":[{"embeddable":true,"href":"https:\/\/autobaak.nl\/de\/wp-json\/wp\/v2\/media\/158013"}],"wp:attachment":[{"href":"https:\/\/autobaak.nl\/de\/wp-json\/wp\/v2\/media?parent=158014"}],"wp:term":[{"taxonomy":"category","embeddable":true,"href":"https:\/\/autobaak.nl\/de\/wp-json\/wp\/v2\/categories?post=158014"},{"taxonomy":"post_tag","embeddable":true,"href":"https:\/\/autobaak.nl\/de\/wp-json\/wp\/v2\/tags?post=158014"}],"curies":[{"name":"wp","href":"https:\/\/api.w.org\/{rel}","templated":true}]}}