{"id":158161,"date":"2025-11-13T18:49:50","date_gmt":"2025-11-13T17:49:50","guid":{"rendered":"https:\/\/autobaak.nl\/?p=158161"},"modified":"2025-11-13T18:49:50","modified_gmt":"2025-11-13T17:49:50","slug":"motogp-vorschau-valencia-finale","status":"publish","type":"post","link":"https:\/\/autobaak.nl\/de\/motogp-vorschau-valencia-finale\/","title":{"rendered":"MotoGP: Vorschau Valencia-Finale"},"content":{"rendered":"<h2>Valencia liefert letzte Schlacht<\/h2>\n<p>Nach einer zweij\u00e4hrigen Abwesenheit kehrt die MotoGP auf den Circuit Ricardo Tormo zur\u00fcck. Das Stadion ist ausverkauft und das ganze Drama der Saison bekommt an diesem Wochenende sein letztes Kapitel. Sechs verschiedene Sieger in Folge: wird Valencia der siebte Name auf dieser Liste werden? Es steht viel auf dem Spiel: der Kampf um Bronze in der Meisterschaft, weitere Verschiebungen in der Tabelle und wichtige Punkte f\u00fcr das Konzessionssystem.<\/p>\n<p>Alex Marquez (BK8 Gresini Racing MotoGP) hat eine so starke Saison hingelegt, dass ihm der zweite Platz schon fast sicher ist. Das erlaubt ihm, in Valencia nur noch um Siege zu fahren. Wenn er knapp vor Pedro Acosta (Red Bull KTM Factory Racing) ins Ziel kommt, ist Acosta aus dem Kampf um den dritten Platz raus. Beide Fahrer werden an diesem Wochenende wahrscheinlich in den Kampf um den Sieg eingreifen.<\/p>\n<h2>Der Kampf um Bronze und der siebte Sieger<\/h2>\n<p>Der eigentliche Kampf um Bronze findet nun zwischen Marco Bezzecchi (Aprilia Racing) und Francesco Bagnaia (Ducati Lenovo Team) statt. Bezzecchi baute seine F\u00fchrung mit einem starken Sieg in Portugal aus und machte damit einen gro\u00dfen Schritt in Richtung des dritten Platzes. Mit diesem Sieg und dem Sieg in Australien mit Raul Fernandez (Trackhouse MotoGP Team), erlebte Aprilia die beste MotoGP-Saison in der Geschichte der Marke.<\/p>\n<p>Wer wird der siebte verschiedene Sieger in Folge sein? Namen wie Marc Marquez, Bagnaia, Fermin Aldeguer, Raul Fernandez, Alex Marquez und Bezzecchi sind im Gespr\u00e4ch. Pedro Acosta ist noch auf der Suche nach seinem ersten Sieg und scheint der logischste Kandidat zu sein. Fabio Quartararo (Monster Energy Yamaha MotoGP) ist ebenfalls im Gespr\u00e4ch: konstant und schnell \u00fcber eine Runde, obwohl Yamaha auf dieser Strecke noch etwas mit der H\u00f6chstgeschwindigkeit machen muss. Mit einem Feld wie diesem ist alles m\u00f6glich.<\/p>\n<ul>\n<li>Viele K\u00e4mpfe: Sieg, Podium und Meisterschaftspl\u00e4tze<\/li>\n<li>Zugest\u00e4ndnisse: Honda kann mit 9 Punkten von Rang D nach C aufsteigen<\/li>\n<li>Tests am Dienstag: Fokus auf 2026 und dar\u00fcber hinaus<\/li>\n<\/ul>\n<h2>Zugest\u00e4ndnisse: Honda unter Druck<\/h2>\n<p>Joan Mir (Honda HRC Castrol) schien bis Portimao gerade in Fahrt zu kommen, doch ein technischer Defekt warf ihn zur\u00fcck. Johann Zarco (CASTROL Honda LCR) holte zehn Punkte und zusammen haben Mir, Zarco und Luca Marini (Honda HRC Castrol) schon oft gezeigt, dass sie viel erreichen k\u00f6nnen. Honda braucht nur noch neun Punkte, um von Rang D auf Rang C zu kommen. Das ist eine gute Nachricht f\u00fcr den Fortschritt, aber es k\u00f6nnte auch bedeuten, dass sie Vorteile verlieren, wenn sie knapp darunter liegen. F\u00fcr Rookie Somkiat Chantra (Idemitsu Honda LCR) geht es in erster Linie darum, Erfahrung zu sammeln und weitere Punkte mit nach Hause zu nehmen.<\/p>\n<h2>Letzte Duelle und wiederkehrende Namen<\/h2>\n<p>Fabio Di Giannantonio (Pertamina Enduro VR46 Racing Team) ist Sechster in der Meisterschaft und kann noch immer die Top F\u00fcnf angreifen. Sein Teamkollege Franco Morbidelli verlor in der letzten Runde an Boden und ist nah dran. Brad Binder (Red Bull KTM Factory Racing) und Enea Bastianini (Red Bull KTM Tech 3) kann man nie ausschlie\u00dfen; beide haben schon fr\u00fcher gezeigt, dass sie pl\u00f6tzlich gl\u00e4nzen k\u00f6nnen.<\/p>\n<p>Maverick Vi\u00f1ales (Red Bull KTM Tech 3) kehrt nach seiner Verletzung zur\u00fcck und will die Saison gut beenden. Miguel Oliveira (Prima Pramac Yamaha MotoGP) hofft, dass er sein Kapitel in der MotoGP mit W\u00fcrde beenden kann. Jack Miller m\u00f6chte die Saison mit einem Top-Ten-Ergebnis beenden, seinem ersten seit Br\u00fcnn in dieser Saison.<\/p>\n<p>Auf dem Pr\u00fcfstand stehen am Dienstag Quartararo, Alex Rins (Monster Energy Yamaha MotoGP), Toprak Razgatlioglu und die Yamaha-Teamkollegen. Augusto Fernandez erh\u00e4lt eine Wildcard f\u00fcr die V4-angetriebene YZR-M1. Nicolo Bulega \u00fcbernimmt vorl\u00e4ufig den Platz von Marc Marquez im Ducati Lenovo Team, auch im Hinblick auf seine Rolle als Testfahrer bis 2027. Spannende Zeiten also, und alles beginnt an diesem Wochenende in Valencia.<\/p>\n<blockquote><p>Ein Finale wie kein anderes.<\/p><\/blockquote>\n<h2>Moto2: Moreira gegen Gonzalez<\/h2>\n<p>In der Moto2 geht es nur um eines: den Titel. Diogo Moreira (Italtrans Racing Team) und Manuel Gonzalez (Liqui Moly Dynavolt Intact GP) stehen sich eine Runde vor Schluss gegen\u00fcber. Moreira hat die beste Ausgangsposition. Bei 24 Punkten Vorsprung reicht ihm am Sonntag ein Top-14-Platz.<\/p>\n<p>Gonzalez muss gewinnen, um noch eine Chance zu haben. Er steht unter Druck: kein Podium seit Ungarn und kein Sieg seit Mugello. Moreira ist seit seinem Doppelausfall in Deutschland und der Tschechischen Republik fast immer unter den ersten F\u00fcnf gelandet, mit Ausnahme von P14 in Barcelona. Die Anspannung ist auf dem H\u00f6hepunkt.<\/p>\n<p>Hinter den F\u00fchrenden bleibt der Kampf um Platz drei interessant. Barry Baltus f\u00fchrt mit sechs Punkten Vorsprung auf seinen Fantic-Kollegen Aron Canet, w\u00e4hrend Jake Dixon (ELF Marc VDS Racing Team) vor seinem letzten Moto2-Rennen noch im Visier ist.<\/p>\n<h2>Moto3: Kampf um Silber und Heimhelden<\/h2>\n<p>In der Moto3 geht es nur noch um Silber. Angel Piqueras (FRINSA - MT Helmets - MSI) und Maximo Quiles (CFMOTO Gaviota Aspar Team) werden entscheiden, wer sich hinter Weltmeister Jose Antonio Rueda (Red Bull KTM Ajo) platziert. Quiles hat in dieser Saison bereits dreimal gewonnen und den Titel \"Rookie of the Year\" errungen. Piqueras verabschiedet sich aus der Moto3 und will in seinem Heimatland einen sch\u00f6nen Abschluss liefern.<\/p>\n<p>In der Punktewertung geht es eng zu: Piqueras liegt f\u00fcnf Punkte vor, Quiles acht Punkte dahinter. Da David Mu\u00f1oz immer noch verletzt ist, sind Alvaro Carpe (Red Bull KTM Ajo) und Joel Kelso (LEVELUP-MTA) in der Lage, sich P4 und P5 zu sichern, wenn sie in Valencia gut abschneiden. Um die beste Honda k\u00e4mpfen Taiyo Furusato (Honda Team Asia) und Adrian Fernandez (Leopard Racing); zwei Punkte trennen sie.<\/p>\n<h2>FIM MotoMini Weltfinale in Valencia<\/h2>\n<p>Zum ersten Mal erscheint die FIM MotoMini World Series in ihrer neuen Road to MotoGP Struktur. Das Weltfinale wird am Donnerstagmorgen ausgetragen und bietet jungen Fahrern die M\u00f6glichkeit, sich f\u00fcr die Weltmeisterschaft zu qualifizieren. Schauen Sie sich die Livestreams an und verfolgen Sie die neuen Talente, die ihren Weg in die MotoGP machen k\u00f6nnten.<\/p>\n<p>Schalten Sie an diesem Wochenende zum Motul Grand Prix der Autonomen Gemeinschaft Valencia ein. Eine letzte Runde, viele Eins\u00e4tze und eine Saison, die sich dem Ende zuneigt. Wir sehen uns auf der Rennstrecke.<\/p>","protected":false},"excerpt":{"rendered":"<p>Nach zwei Jahren Abwesenheit kehrt die MotoGP auf den Circuit Ricardo Tormo zur\u00fcck. Das Stadion ist ausverkauft und das ganze Drama der Saison bekommt an diesem Wochenende sein letztes Kapitel. Sechs verschiedene Sieger in Folge: wird Valencia der siebte Name auf dieser Liste sein? Es steht viel auf dem Spiel: Der Kampf um die [...]<\/p>","protected":false},"author":1,"featured_media":158160,"comment_status":"closed","ping_status":"closed","sticky":false,"template":"","format":"standard","meta":{"_et_pb_use_builder":"","_et_pb_old_content":"","_et_gb_content_width":"","footnotes":""},"categories":[2275],"tags":[],"class_list":["post-158161","post","type-post","status-publish","format-standard","has-post-thumbnail","hentry","category-motogp"],"yoast_head":"<!-- This site is optimized with the Yoast SEO plugin v27.4 - https:\/\/yoast.com\/product\/yoast-seo-wordpress\/ -->\n<title>MotoGP: Voorbeschouwing Valencia-finale - Autobaak.nl<\/title>\n<meta name=\"description\" content=\"MotoGP: Voorbeschouwing Valencia-finale\" \/>\n<meta name=\"robots\" content=\"index, follow, max-snippet:-1, max-image-preview:large, max-video-preview:-1\" \/>\n<link rel=\"canonical\" href=\"https:\/\/autobaak.nl\/de\/motogp-vorschau-valencia-finale\/\" \/>\n<meta property=\"og:locale\" content=\"de_DE\" \/>\n<meta property=\"og:type\" content=\"article\" \/>\n<meta property=\"og:title\" content=\"MotoGP: Voorbeschouwing Valencia-finale - Autobaak.nl\" \/>\n<meta property=\"og:description\" content=\"MotoGP: Voorbeschouwing Valencia-finale\" \/>\n<meta property=\"og:url\" content=\"https:\/\/autobaak.nl\/de\/motogp-vorschau-valencia-finale\/\" \/>\n<meta property=\"og:site_name\" content=\"Autobaak.nl\" \/>\n<meta property=\"article:published_time\" content=\"2025-11-13T17:49:50+00:00\" \/>\n<meta property=\"og:image\" content=\"https:\/\/autobaak.nl\/wp-content\/uploads\/2025\/11\/MotoGP-Voorbeschouwing-Valencia-finale.jpg\" \/>\n\t<meta property=\"og:image:width\" content=\"1080\" \/>\n\t<meta property=\"og:image:height\" content=\"1080\" \/>\n\t<meta property=\"og:image:type\" content=\"image\/jpeg\" \/>\n<meta name=\"author\" content=\"Stijn\" \/>\n<meta name=\"twitter:card\" content=\"summary_large_image\" \/>\n<meta name=\"twitter:label1\" content=\"Verfasst von\" \/>\n\t<meta name=\"twitter:data1\" content=\"Stijn\" \/>\n\t<meta name=\"twitter:label2\" content=\"Gesch\u00e4tzte Lesezeit\" \/>\n\t<meta name=\"twitter:data2\" content=\"5\u00a0Minuten\" \/>\n<script type=\"application\/ld+json\" class=\"yoast-schema-graph\">{\"@context\":\"https:\\\/\\\/schema.org\",\"@graph\":[{\"@type\":\"Article\",\"@id\":\"https:\\\/\\\/autobaak.nl\\\/motogp-voorbeschouwing-valencia-finale\\\/#article\",\"isPartOf\":{\"@id\":\"https:\\\/\\\/autobaak.nl\\\/motogp-voorbeschouwing-valencia-finale\\\/\"},\"author\":{\"name\":\"Stijn\",\"@id\":\"https:\\\/\\\/autobaak.nl\\\/#\\\/schema\\\/person\\\/539ebe80a38d4476550c564f37c97c41\"},\"headline\":\"MotoGP: Voorbeschouwing Valencia-finale\",\"datePublished\":\"2025-11-13T17:49:50+00:00\",\"mainEntityOfPage\":{\"@id\":\"https:\\\/\\\/autobaak.nl\\\/motogp-voorbeschouwing-valencia-finale\\\/\"},\"wordCount\":957,\"image\":{\"@id\":\"https:\\\/\\\/autobaak.nl\\\/motogp-voorbeschouwing-valencia-finale\\\/#primaryimage\"},\"thumbnailUrl\":\"https:\\\/\\\/autobaak.nl\\\/wp-content\\\/uploads\\\/2025\\\/11\\\/MotoGP-Voorbeschouwing-Valencia-finale.jpg\",\"articleSection\":[\"MotoGP\"],\"inLanguage\":\"de\"},{\"@type\":\"WebPage\",\"@id\":\"https:\\\/\\\/autobaak.nl\\\/motogp-voorbeschouwing-valencia-finale\\\/\",\"url\":\"https:\\\/\\\/autobaak.nl\\\/motogp-voorbeschouwing-valencia-finale\\\/\",\"name\":\"MotoGP: Voorbeschouwing Valencia-finale - Autobaak.nl\",\"isPartOf\":{\"@id\":\"https:\\\/\\\/autobaak.nl\\\/#website\"},\"primaryImageOfPage\":{\"@id\":\"https:\\\/\\\/autobaak.nl\\\/motogp-voorbeschouwing-valencia-finale\\\/#primaryimage\"},\"image\":{\"@id\":\"https:\\\/\\\/autobaak.nl\\\/motogp-voorbeschouwing-valencia-finale\\\/#primaryimage\"},\"thumbnailUrl\":\"https:\\\/\\\/autobaak.nl\\\/wp-content\\\/uploads\\\/2025\\\/11\\\/MotoGP-Voorbeschouwing-Valencia-finale.jpg\",\"datePublished\":\"2025-11-13T17:49:50+00:00\",\"author\":{\"@id\":\"https:\\\/\\\/autobaak.nl\\\/#\\\/schema\\\/person\\\/539ebe80a38d4476550c564f37c97c41\"},\"description\":\"MotoGP: Voorbeschouwing Valencia-finale\",\"breadcrumb\":{\"@id\":\"https:\\\/\\\/autobaak.nl\\\/motogp-voorbeschouwing-valencia-finale\\\/#breadcrumb\"},\"inLanguage\":\"de\",\"potentialAction\":[{\"@type\":\"ReadAction\",\"target\":[\"https:\\\/\\\/autobaak.nl\\\/motogp-voorbeschouwing-valencia-finale\\\/\"]}]},{\"@type\":\"ImageObject\",\"inLanguage\":\"de\",\"@id\":\"https:\\\/\\\/autobaak.nl\\\/motogp-voorbeschouwing-valencia-finale\\\/#primaryimage\",\"url\":\"https:\\\/\\\/autobaak.nl\\\/wp-content\\\/uploads\\\/2025\\\/11\\\/MotoGP-Voorbeschouwing-Valencia-finale.jpg\",\"contentUrl\":\"https:\\\/\\\/autobaak.nl\\\/wp-content\\\/uploads\\\/2025\\\/11\\\/MotoGP-Voorbeschouwing-Valencia-finale.jpg\",\"width\":1080,\"height\":1080},{\"@type\":\"BreadcrumbList\",\"@id\":\"https:\\\/\\\/autobaak.nl\\\/motogp-voorbeschouwing-valencia-finale\\\/#breadcrumb\",\"itemListElement\":[{\"@type\":\"ListItem\",\"position\":1,\"name\":\"Home\",\"item\":\"https:\\\/\\\/autobaak.nl\\\/\"},{\"@type\":\"ListItem\",\"position\":2,\"name\":\"MotoGP: Voorbeschouwing Valencia-finale\"}]},{\"@type\":\"WebSite\",\"@id\":\"https:\\\/\\\/autobaak.nl\\\/#website\",\"url\":\"https:\\\/\\\/autobaak.nl\\\/\",\"name\":\"Autobaak.nl\",\"description\":\"Cars &amp; Racing\",\"potentialAction\":[{\"@type\":\"SearchAction\",\"target\":{\"@type\":\"EntryPoint\",\"urlTemplate\":\"https:\\\/\\\/autobaak.nl\\\/?s={search_term_string}\"},\"query-input\":{\"@type\":\"PropertyValueSpecification\",\"valueRequired\":true,\"valueName\":\"search_term_string\"}}],\"inLanguage\":\"de\"},{\"@type\":\"Person\",\"@id\":\"https:\\\/\\\/autobaak.nl\\\/#\\\/schema\\\/person\\\/539ebe80a38d4476550c564f37c97c41\",\"name\":\"Stijn\",\"image\":{\"@type\":\"ImageObject\",\"inLanguage\":\"de\",\"@id\":\"https:\\\/\\\/secure.gravatar.com\\\/avatar\\\/73d703c9363ff42bbf2da26461876c8fc4008eeb645ca3e2d7cfc4c4fe901cf9?s=96&d=mm&r=g\",\"url\":\"https:\\\/\\\/secure.gravatar.com\\\/avatar\\\/73d703c9363ff42bbf2da26461876c8fc4008eeb645ca3e2d7cfc4c4fe901cf9?s=96&d=mm&r=g\",\"contentUrl\":\"https:\\\/\\\/secure.gravatar.com\\\/avatar\\\/73d703c9363ff42bbf2da26461876c8fc4008eeb645ca3e2d7cfc4c4fe901cf9?s=96&d=mm&r=g\",\"caption\":\"Stijn\"},\"url\":\"https:\\\/\\\/autobaak.nl\\\/de\\\/author\\\/admin\\\/\"}]}<\/script>\n<!-- \/ Yoast SEO plugin. -->","yoast_head_json":{"title":"MotoGP: Vorschau auf das Finale in Valencia - Autobaak.co.uk","description":"MotoGP: Vorschau Valencia-Finale","robots":{"index":"index","follow":"follow","max-snippet":"max-snippet:-1","max-image-preview":"max-image-preview:large","max-video-preview":"max-video-preview:-1"},"canonical":"https:\/\/autobaak.nl\/de\/motogp-vorschau-valencia-finale\/","og_locale":"de_DE","og_type":"article","og_title":"MotoGP: Voorbeschouwing Valencia-finale - Autobaak.nl","og_description":"MotoGP: Voorbeschouwing Valencia-finale","og_url":"https:\/\/autobaak.nl\/de\/motogp-vorschau-valencia-finale\/","og_site_name":"Autobaak.nl","article_published_time":"2025-11-13T17:49:50+00:00","og_image":[{"width":1080,"height":1080,"url":"https:\/\/autobaak.nl\/wp-content\/uploads\/2025\/11\/MotoGP-Voorbeschouwing-Valencia-finale.jpg","type":"image\/jpeg"}],"author":"Stijn","twitter_card":"summary_large_image","twitter_misc":{"Verfasst von":"Stijn","Gesch\u00e4tzte Lesezeit":"5\u00a0Minuten"},"schema":{"@context":"https:\/\/schema.org","@graph":[{"@type":"Article","@id":"https:\/\/autobaak.nl\/motogp-voorbeschouwing-valencia-finale\/#article","isPartOf":{"@id":"https:\/\/autobaak.nl\/motogp-voorbeschouwing-valencia-finale\/"},"author":{"name":"Stijn","@id":"https:\/\/autobaak.nl\/#\/schema\/person\/539ebe80a38d4476550c564f37c97c41"},"headline":"MotoGP: Voorbeschouwing Valencia-finale","datePublished":"2025-11-13T17:49:50+00:00","mainEntityOfPage":{"@id":"https:\/\/autobaak.nl\/motogp-voorbeschouwing-valencia-finale\/"},"wordCount":957,"image":{"@id":"https:\/\/autobaak.nl\/motogp-voorbeschouwing-valencia-finale\/#primaryimage"},"thumbnailUrl":"https:\/\/autobaak.nl\/wp-content\/uploads\/2025\/11\/MotoGP-Voorbeschouwing-Valencia-finale.jpg","articleSection":["MotoGP"],"inLanguage":"de"},{"@type":"WebPage","@id":"https:\/\/autobaak.nl\/motogp-voorbeschouwing-valencia-finale\/","url":"https:\/\/autobaak.nl\/motogp-voorbeschouwing-valencia-finale\/","name":"MotoGP: Vorschau auf das Finale in Valencia - Autobaak.co.uk","isPartOf":{"@id":"https:\/\/autobaak.nl\/#website"},"primaryImageOfPage":{"@id":"https:\/\/autobaak.nl\/motogp-voorbeschouwing-valencia-finale\/#primaryimage"},"image":{"@id":"https:\/\/autobaak.nl\/motogp-voorbeschouwing-valencia-finale\/#primaryimage"},"thumbnailUrl":"https:\/\/autobaak.nl\/wp-content\/uploads\/2025\/11\/MotoGP-Voorbeschouwing-Valencia-finale.jpg","datePublished":"2025-11-13T17:49:50+00:00","author":{"@id":"https:\/\/autobaak.nl\/#\/schema\/person\/539ebe80a38d4476550c564f37c97c41"},"description":"MotoGP: Vorschau Valencia-Finale","breadcrumb":{"@id":"https:\/\/autobaak.nl\/motogp-voorbeschouwing-valencia-finale\/#breadcrumb"},"inLanguage":"de","potentialAction":[{"@type":"ReadAction","target":["https:\/\/autobaak.nl\/motogp-voorbeschouwing-valencia-finale\/"]}]},{"@type":"ImageObject","inLanguage":"de","@id":"https:\/\/autobaak.nl\/motogp-voorbeschouwing-valencia-finale\/#primaryimage","url":"https:\/\/autobaak.nl\/wp-content\/uploads\/2025\/11\/MotoGP-Voorbeschouwing-Valencia-finale.jpg","contentUrl":"https:\/\/autobaak.nl\/wp-content\/uploads\/2025\/11\/MotoGP-Voorbeschouwing-Valencia-finale.jpg","width":1080,"height":1080},{"@type":"BreadcrumbList","@id":"https:\/\/autobaak.nl\/motogp-voorbeschouwing-valencia-finale\/#breadcrumb","itemListElement":[{"@type":"ListItem","position":1,"name":"Home","item":"https:\/\/autobaak.nl\/"},{"@type":"ListItem","position":2,"name":"MotoGP: Voorbeschouwing Valencia-finale"}]},{"@type":"WebSite","@id":"https:\/\/autobaak.nl\/#website","url":"https:\/\/autobaak.nl\/","name":"Autobook.de","description":"Autos &amp; Rennsport","potentialAction":[{"@type":"SearchAction","target":{"@type":"EntryPoint","urlTemplate":"https:\/\/autobaak.nl\/?s={search_term_string}"},"query-input":{"@type":"PropertyValueSpecification","valueRequired":true,"valueName":"search_term_string"}}],"inLanguage":"de"},{"@type":"Person","@id":"https:\/\/autobaak.nl\/#\/schema\/person\/539ebe80a38d4476550c564f37c97c41","name":"Stijn","image":{"@type":"ImageObject","inLanguage":"de","@id":"https:\/\/secure.gravatar.com\/avatar\/73d703c9363ff42bbf2da26461876c8fc4008eeb645ca3e2d7cfc4c4fe901cf9?s=96&d=mm&r=g","url":"https:\/\/secure.gravatar.com\/avatar\/73d703c9363ff42bbf2da26461876c8fc4008eeb645ca3e2d7cfc4c4fe901cf9?s=96&d=mm&r=g","contentUrl":"https:\/\/secure.gravatar.com\/avatar\/73d703c9363ff42bbf2da26461876c8fc4008eeb645ca3e2d7cfc4c4fe901cf9?s=96&d=mm&r=g","caption":"Stijn"},"url":"https:\/\/autobaak.nl\/de\/author\/admin\/"}]}},"_links":{"self":[{"href":"https:\/\/autobaak.nl\/de\/wp-json\/wp\/v2\/posts\/158161","targetHints":{"allow":["GET"]}}],"collection":[{"href":"https:\/\/autobaak.nl\/de\/wp-json\/wp\/v2\/posts"}],"about":[{"href":"https:\/\/autobaak.nl\/de\/wp-json\/wp\/v2\/types\/post"}],"author":[{"embeddable":true,"href":"https:\/\/autobaak.nl\/de\/wp-json\/wp\/v2\/users\/1"}],"replies":[{"embeddable":true,"href":"https:\/\/autobaak.nl\/de\/wp-json\/wp\/v2\/comments?post=158161"}],"version-history":[{"count":1,"href":"https:\/\/autobaak.nl\/de\/wp-json\/wp\/v2\/posts\/158161\/revisions"}],"predecessor-version":[{"id":158162,"href":"https:\/\/autobaak.nl\/de\/wp-json\/wp\/v2\/posts\/158161\/revisions\/158162"}],"wp:featuredmedia":[{"embeddable":true,"href":"https:\/\/autobaak.nl\/de\/wp-json\/wp\/v2\/media\/158160"}],"wp:attachment":[{"href":"https:\/\/autobaak.nl\/de\/wp-json\/wp\/v2\/media?parent=158161"}],"wp:term":[{"taxonomy":"category","embeddable":true,"href":"https:\/\/autobaak.nl\/de\/wp-json\/wp\/v2\/categories?post=158161"},{"taxonomy":"post_tag","embeddable":true,"href":"https:\/\/autobaak.nl\/de\/wp-json\/wp\/v2\/tags?post=158161"}],"curies":[{"name":"wp","href":"https:\/\/api.w.org\/{rel}","templated":true}]}}