{"id":158301,"date":"2025-11-17T11:11:06","date_gmt":"2025-11-17T10:11:06","guid":{"rendered":"https:\/\/autobaak.nl\/?p=158301"},"modified":"2025-11-17T11:11:06","modified_gmt":"2025-11-17T10:11:06","slug":"mclaren-erweitert-das-programm-fur-weibliche-talente-um-zwei-autos","status":"publish","type":"post","link":"https:\/\/autobaak.nl\/de\/mclaren-erweitert-das-programm-fur-weibliche-talente-um-zwei-autos\/","title":{"rendered":"McLaren erweitert das Programm f\u00fcr weibliche Talente um zwei Fahrzeuge"},"content":{"rendered":"<h2>McLaren erh\u00f6ht Anteil an der F1 Academy<\/h2>\n<p>McLaren setzt in der n\u00e4chsten Saison zwei Autos in der F1 Academy ein. Dies ist eine deutliche Erweiterung des Programms f\u00fcr weibliche Talente. Das Team st\u00e4rkt damit seine Fahrerentwicklung.<\/p>\n<h2>Fahrer und Pl\u00e4ne<\/h2>\n<p>Ella Lloyd bleibt f\u00fcr eine zweite Saison in der F1 Academy an Bord. Sie hat in diesem Jahr einen Sieg errungen und ist derzeit Dritte in der Meisterschaft.<\/p>\n<p>Neu in der F1 Academy ist Ella Stevens. Sie geh\u00f6rt zum McLaren Driver Development Programm. Stevens wurde dieses Jahr Zweite in der britischen KZ2-Kartmeisterschaft. Auch beim ersten F1A-Rookie-Test war sie die Schnellste. Sie wird 2026 in den Einsitzersport wechseln.<\/p>\n<p>Dar\u00fcber hinaus wird die 14-j\u00e4hrige Ella H\u00e4kkinen in das McLaren-Programm aufgenommen. Sie ist die Tochter des zweifachen Weltmeisters Mika H\u00e4kkinen. H\u00e4kkinen steigt noch nicht direkt ins Auto ein. McLaren sieht dies als eine zweij\u00e4hrige Vorbereitung auf den Einsitzer im Jahr 2027.<\/p>\n<ul>\n<li>Beide McLaren-Fahrzeuge werden von Rodin Motorsport betrieben.<\/li>\n<li>Der zweite Wagen wird unter dem Namen F1 Academy McLaren Oxagon laufen.<\/li>\n<li>Stevens: KZ2-Vizemeister und Bester im Rookie-Test; Einsitzer ab 2026.<\/li>\n<li>Lloyd: ein Sieg und derzeit Dritter in der Gesamtwertung.<\/li>\n<li>Hakkinen: 14 Jahre, zwei Jahre Vorbereitung, in Einsitzern nicht vor 2027 zu erwarten.<\/li>\n<\/ul>\n<h2>Allgemeinere Politiken und Regeln<\/h2>\n<p>Zak Brown, CEO von McLaren Racing, sagt, dass es noch viel zu tun gibt, um mehr Frauen in den Motorsport zu bringen. Er hofft, dass die Bem\u00fchungen von McLaren ein Signal an weibliche Rennfahrerinnen, Mechanikerinnen, Ingenieurinnen, Vermarkterinnen und Buchhalterinnen senden werden. Das Ziel ist klar: den Sport offen zu halten und sein j\u00fcngstes Wachstum beizubehalten.<\/p>\n<p>Vor kurzem wurde auch best\u00e4tigt, dass alle zehn Formel-1-Teams ihre mehrj\u00e4hrige Unterst\u00fctzung f\u00fcr die F1 Academy erneuert haben. Cadillac, das 2026 in der Formel 1 antreten wird, hat angedeutet, dass es 2027 ebenfalls als Sponsor in der F1 Academy auftreten wird.<\/p>\n<p>Dar\u00fcber hinaus wird eine Regel \u00fcber die Dauer der Fahrerlaufbahn ge\u00e4ndert. Bislang war die Teilnahme an der F1 Academy auf maximal zwei Saisons begrenzt. Ab 2027 erhalten Fahrer, die 2025 und 2026 teilgenommen haben, eine Ausnahme, um eine dritte Saison zu fahren. Damit soll ein gr\u00f6\u00dferer Talentpool gew\u00e4hrleistet werden.<\/p>\n<h3>Was bedeutet das?<\/h3>\n<p>McLaren investiert nun strukturell in verschiedene Entwicklungsphasen: erfahrene Talente (Lloyd), schnelle Rennfahrer, die weiterziehen (Stevens) und junge Fahrer, die langsam aufgebaut werden (Hakkinen). Ob dies erfolgreich ist, wird sich in den kommenden Saisons zeigen. F\u00fcrs Erste ist die Absicht klar: mehr Raum und M\u00f6glichkeiten f\u00fcr Frauen im Motorsport.<\/p>","protected":false},"excerpt":{"rendered":"<p>McLaren erh\u00f6ht Anteil an der F1 Academy McLaren wird in der n\u00e4chsten Saison zwei Autos in der F1 Academy einsetzen. Dies ist eine deutliche Erweiterung des Programms f\u00fcr weibliche Talente. Das Team st\u00e4rkt damit seine Fahrerentwicklung. Fahrer und Pl\u00e4ne Ella Lloyd bleibt f\u00fcr eine zweite Saison in der F1 Academy an Bord. Sie erreichte dies [...]<\/p>","protected":false},"author":1,"featured_media":158299,"comment_status":"closed","ping_status":"closed","sticky":false,"template":"","format":"standard","meta":{"_et_pb_use_builder":"","_et_pb_old_content":"","_et_gb_content_width":"","footnotes":""},"categories":[2274],"tags":[],"class_list":["post-158301","post","type-post","status-publish","format-standard","has-post-thumbnail","hentry","category-formule-1"],"yoast_head":"<!-- This site is optimized with the Yoast SEO plugin v27.5 - https:\/\/yoast.com\/product\/yoast-seo-wordpress\/ -->\n<title>McLaren breidt vrouwelijk talentprogramma uit met twee auto&#039;s - Autobaak.nl<\/title>\n<meta name=\"description\" content=\"McLaren breidt vrouwelijk talentprogramma uit met twee auto&#039;s\" \/>\n<meta name=\"robots\" content=\"index, follow, max-snippet:-1, max-image-preview:large, max-video-preview:-1\" \/>\n<link rel=\"canonical\" href=\"https:\/\/autobaak.nl\/de\/mclaren-erweitert-das-programm-fur-weibliche-talente-um-zwei-autos\/\" \/>\n<meta property=\"og:locale\" content=\"de_DE\" \/>\n<meta property=\"og:type\" content=\"article\" \/>\n<meta property=\"og:title\" content=\"McLaren breidt vrouwelijk talentprogramma uit met twee auto&#039;s - Autobaak.nl\" \/>\n<meta property=\"og:description\" content=\"McLaren breidt vrouwelijk talentprogramma uit met twee auto&#039;s\" \/>\n<meta property=\"og:url\" content=\"https:\/\/autobaak.nl\/de\/mclaren-erweitert-das-programm-fur-weibliche-talente-um-zwei-autos\/\" \/>\n<meta property=\"og:site_name\" content=\"Autobaak.nl\" \/>\n<meta property=\"article:published_time\" content=\"2025-11-17T10:11:06+00:00\" \/>\n<meta property=\"og:image\" content=\"https:\/\/autobaak.nl\/wp-content\/uploads\/2025\/11\/McLaren-breidt-vrouwelijk-talentprogramma-uit-met-twee-autos.jpg\" \/>\n\t<meta property=\"og:image:width\" content=\"1080\" \/>\n\t<meta property=\"og:image:height\" content=\"1080\" \/>\n\t<meta property=\"og:image:type\" content=\"image\/jpeg\" \/>\n<meta name=\"author\" content=\"Stijn\" \/>\n<meta name=\"twitter:card\" content=\"summary_large_image\" \/>\n<meta name=\"twitter:label1\" content=\"Verfasst von\" \/>\n\t<meta name=\"twitter:data1\" content=\"Stijn\" \/>\n\t<meta name=\"twitter:label2\" content=\"Gesch\u00e4tzte Lesezeit\" \/>\n\t<meta name=\"twitter:data2\" content=\"2\u00a0Minuten\" \/>\n<script type=\"application\/ld+json\" class=\"yoast-schema-graph\">{\"@context\":\"https:\\\/\\\/schema.org\",\"@graph\":[{\"@type\":\"Article\",\"@id\":\"https:\\\/\\\/autobaak.nl\\\/mclaren-breidt-vrouwelijk-talentprogramma-uit-met-twee-autos\\\/#article\",\"isPartOf\":{\"@id\":\"https:\\\/\\\/autobaak.nl\\\/mclaren-breidt-vrouwelijk-talentprogramma-uit-met-twee-autos\\\/\"},\"author\":{\"name\":\"Stijn\",\"@id\":\"https:\\\/\\\/autobaak.nl\\\/#\\\/schema\\\/person\\\/539ebe80a38d4476550c564f37c97c41\"},\"headline\":\"McLaren breidt vrouwelijk talentprogramma uit met twee auto&#8217;s\",\"datePublished\":\"2025-11-17T10:11:06+00:00\",\"mainEntityOfPage\":{\"@id\":\"https:\\\/\\\/autobaak.nl\\\/mclaren-breidt-vrouwelijk-talentprogramma-uit-met-twee-autos\\\/\"},\"wordCount\":390,\"image\":{\"@id\":\"https:\\\/\\\/autobaak.nl\\\/mclaren-breidt-vrouwelijk-talentprogramma-uit-met-twee-autos\\\/#primaryimage\"},\"thumbnailUrl\":\"https:\\\/\\\/autobaak.nl\\\/wp-content\\\/uploads\\\/2025\\\/11\\\/McLaren-breidt-vrouwelijk-talentprogramma-uit-met-twee-autos.jpg\",\"articleSection\":[\"Formule-1\"],\"inLanguage\":\"de\"},{\"@type\":\"WebPage\",\"@id\":\"https:\\\/\\\/autobaak.nl\\\/mclaren-breidt-vrouwelijk-talentprogramma-uit-met-twee-autos\\\/\",\"url\":\"https:\\\/\\\/autobaak.nl\\\/mclaren-breidt-vrouwelijk-talentprogramma-uit-met-twee-autos\\\/\",\"name\":\"McLaren breidt vrouwelijk talentprogramma uit met twee auto's - Autobaak.nl\",\"isPartOf\":{\"@id\":\"https:\\\/\\\/autobaak.nl\\\/#website\"},\"primaryImageOfPage\":{\"@id\":\"https:\\\/\\\/autobaak.nl\\\/mclaren-breidt-vrouwelijk-talentprogramma-uit-met-twee-autos\\\/#primaryimage\"},\"image\":{\"@id\":\"https:\\\/\\\/autobaak.nl\\\/mclaren-breidt-vrouwelijk-talentprogramma-uit-met-twee-autos\\\/#primaryimage\"},\"thumbnailUrl\":\"https:\\\/\\\/autobaak.nl\\\/wp-content\\\/uploads\\\/2025\\\/11\\\/McLaren-breidt-vrouwelijk-talentprogramma-uit-met-twee-autos.jpg\",\"datePublished\":\"2025-11-17T10:11:06+00:00\",\"author\":{\"@id\":\"https:\\\/\\\/autobaak.nl\\\/#\\\/schema\\\/person\\\/539ebe80a38d4476550c564f37c97c41\"},\"description\":\"McLaren breidt vrouwelijk talentprogramma uit met twee auto's\",\"breadcrumb\":{\"@id\":\"https:\\\/\\\/autobaak.nl\\\/mclaren-breidt-vrouwelijk-talentprogramma-uit-met-twee-autos\\\/#breadcrumb\"},\"inLanguage\":\"de\",\"potentialAction\":[{\"@type\":\"ReadAction\",\"target\":[\"https:\\\/\\\/autobaak.nl\\\/mclaren-breidt-vrouwelijk-talentprogramma-uit-met-twee-autos\\\/\"]}]},{\"@type\":\"ImageObject\",\"inLanguage\":\"de\",\"@id\":\"https:\\\/\\\/autobaak.nl\\\/mclaren-breidt-vrouwelijk-talentprogramma-uit-met-twee-autos\\\/#primaryimage\",\"url\":\"https:\\\/\\\/autobaak.nl\\\/wp-content\\\/uploads\\\/2025\\\/11\\\/McLaren-breidt-vrouwelijk-talentprogramma-uit-met-twee-autos.jpg\",\"contentUrl\":\"https:\\\/\\\/autobaak.nl\\\/wp-content\\\/uploads\\\/2025\\\/11\\\/McLaren-breidt-vrouwelijk-talentprogramma-uit-met-twee-autos.jpg\",\"width\":1080,\"height\":1080},{\"@type\":\"BreadcrumbList\",\"@id\":\"https:\\\/\\\/autobaak.nl\\\/mclaren-breidt-vrouwelijk-talentprogramma-uit-met-twee-autos\\\/#breadcrumb\",\"itemListElement\":[{\"@type\":\"ListItem\",\"position\":1,\"name\":\"Home\",\"item\":\"https:\\\/\\\/autobaak.nl\\\/\"},{\"@type\":\"ListItem\",\"position\":2,\"name\":\"McLaren breidt vrouwelijk talentprogramma uit met twee auto&#8217;s\"}]},{\"@type\":\"WebSite\",\"@id\":\"https:\\\/\\\/autobaak.nl\\\/#website\",\"url\":\"https:\\\/\\\/autobaak.nl\\\/\",\"name\":\"Autobaak.nl\",\"description\":\"Cars &amp; Racing\",\"potentialAction\":[{\"@type\":\"SearchAction\",\"target\":{\"@type\":\"EntryPoint\",\"urlTemplate\":\"https:\\\/\\\/autobaak.nl\\\/?s={search_term_string}\"},\"query-input\":{\"@type\":\"PropertyValueSpecification\",\"valueRequired\":true,\"valueName\":\"search_term_string\"}}],\"inLanguage\":\"de\"},{\"@type\":\"Person\",\"@id\":\"https:\\\/\\\/autobaak.nl\\\/#\\\/schema\\\/person\\\/539ebe80a38d4476550c564f37c97c41\",\"name\":\"Stijn\",\"image\":{\"@type\":\"ImageObject\",\"inLanguage\":\"de\",\"@id\":\"https:\\\/\\\/secure.gravatar.com\\\/avatar\\\/73d703c9363ff42bbf2da26461876c8fc4008eeb645ca3e2d7cfc4c4fe901cf9?s=96&d=mm&r=g\",\"url\":\"https:\\\/\\\/secure.gravatar.com\\\/avatar\\\/73d703c9363ff42bbf2da26461876c8fc4008eeb645ca3e2d7cfc4c4fe901cf9?s=96&d=mm&r=g\",\"contentUrl\":\"https:\\\/\\\/secure.gravatar.com\\\/avatar\\\/73d703c9363ff42bbf2da26461876c8fc4008eeb645ca3e2d7cfc4c4fe901cf9?s=96&d=mm&r=g\",\"caption\":\"Stijn\"},\"url\":\"https:\\\/\\\/autobaak.nl\\\/de\\\/author\\\/admin\\\/\"}]}<\/script>\n<!-- \/ Yoast SEO plugin. -->","yoast_head_json":{"title":"McLaren erweitert das Programm f\u00fcr weibliche Talente um zwei Fahrzeuge - Autobaak.de","description":"McLaren erweitert das Programm f\u00fcr weibliche Talente um zwei Fahrzeuge","robots":{"index":"index","follow":"follow","max-snippet":"max-snippet:-1","max-image-preview":"max-image-preview:large","max-video-preview":"max-video-preview:-1"},"canonical":"https:\/\/autobaak.nl\/de\/mclaren-erweitert-das-programm-fur-weibliche-talente-um-zwei-autos\/","og_locale":"de_DE","og_type":"article","og_title":"McLaren breidt vrouwelijk talentprogramma uit met twee auto's - Autobaak.nl","og_description":"McLaren breidt vrouwelijk talentprogramma uit met twee auto's","og_url":"https:\/\/autobaak.nl\/de\/mclaren-erweitert-das-programm-fur-weibliche-talente-um-zwei-autos\/","og_site_name":"Autobaak.nl","article_published_time":"2025-11-17T10:11:06+00:00","og_image":[{"width":1080,"height":1080,"url":"https:\/\/autobaak.nl\/wp-content\/uploads\/2025\/11\/McLaren-breidt-vrouwelijk-talentprogramma-uit-met-twee-autos.jpg","type":"image\/jpeg"}],"author":"Stijn","twitter_card":"summary_large_image","twitter_misc":{"Verfasst von":"Stijn","Gesch\u00e4tzte Lesezeit":"2\u00a0Minuten"},"schema":{"@context":"https:\/\/schema.org","@graph":[{"@type":"Article","@id":"https:\/\/autobaak.nl\/mclaren-breidt-vrouwelijk-talentprogramma-uit-met-twee-autos\/#article","isPartOf":{"@id":"https:\/\/autobaak.nl\/mclaren-breidt-vrouwelijk-talentprogramma-uit-met-twee-autos\/"},"author":{"name":"Stijn","@id":"https:\/\/autobaak.nl\/#\/schema\/person\/539ebe80a38d4476550c564f37c97c41"},"headline":"McLaren breidt vrouwelijk talentprogramma uit met twee auto&#8217;s","datePublished":"2025-11-17T10:11:06+00:00","mainEntityOfPage":{"@id":"https:\/\/autobaak.nl\/mclaren-breidt-vrouwelijk-talentprogramma-uit-met-twee-autos\/"},"wordCount":390,"image":{"@id":"https:\/\/autobaak.nl\/mclaren-breidt-vrouwelijk-talentprogramma-uit-met-twee-autos\/#primaryimage"},"thumbnailUrl":"https:\/\/autobaak.nl\/wp-content\/uploads\/2025\/11\/McLaren-breidt-vrouwelijk-talentprogramma-uit-met-twee-autos.jpg","articleSection":["Formule-1"],"inLanguage":"de"},{"@type":"WebPage","@id":"https:\/\/autobaak.nl\/mclaren-breidt-vrouwelijk-talentprogramma-uit-met-twee-autos\/","url":"https:\/\/autobaak.nl\/mclaren-breidt-vrouwelijk-talentprogramma-uit-met-twee-autos\/","name":"McLaren erweitert das Programm f\u00fcr weibliche Talente um zwei Fahrzeuge - Autobaak.de","isPartOf":{"@id":"https:\/\/autobaak.nl\/#website"},"primaryImageOfPage":{"@id":"https:\/\/autobaak.nl\/mclaren-breidt-vrouwelijk-talentprogramma-uit-met-twee-autos\/#primaryimage"},"image":{"@id":"https:\/\/autobaak.nl\/mclaren-breidt-vrouwelijk-talentprogramma-uit-met-twee-autos\/#primaryimage"},"thumbnailUrl":"https:\/\/autobaak.nl\/wp-content\/uploads\/2025\/11\/McLaren-breidt-vrouwelijk-talentprogramma-uit-met-twee-autos.jpg","datePublished":"2025-11-17T10:11:06+00:00","author":{"@id":"https:\/\/autobaak.nl\/#\/schema\/person\/539ebe80a38d4476550c564f37c97c41"},"description":"McLaren erweitert das Programm f\u00fcr weibliche Talente um zwei Fahrzeuge","breadcrumb":{"@id":"https:\/\/autobaak.nl\/mclaren-breidt-vrouwelijk-talentprogramma-uit-met-twee-autos\/#breadcrumb"},"inLanguage":"de","potentialAction":[{"@type":"ReadAction","target":["https:\/\/autobaak.nl\/mclaren-breidt-vrouwelijk-talentprogramma-uit-met-twee-autos\/"]}]},{"@type":"ImageObject","inLanguage":"de","@id":"https:\/\/autobaak.nl\/mclaren-breidt-vrouwelijk-talentprogramma-uit-met-twee-autos\/#primaryimage","url":"https:\/\/autobaak.nl\/wp-content\/uploads\/2025\/11\/McLaren-breidt-vrouwelijk-talentprogramma-uit-met-twee-autos.jpg","contentUrl":"https:\/\/autobaak.nl\/wp-content\/uploads\/2025\/11\/McLaren-breidt-vrouwelijk-talentprogramma-uit-met-twee-autos.jpg","width":1080,"height":1080},{"@type":"BreadcrumbList","@id":"https:\/\/autobaak.nl\/mclaren-breidt-vrouwelijk-talentprogramma-uit-met-twee-autos\/#breadcrumb","itemListElement":[{"@type":"ListItem","position":1,"name":"Home","item":"https:\/\/autobaak.nl\/"},{"@type":"ListItem","position":2,"name":"McLaren breidt vrouwelijk talentprogramma uit met twee auto&#8217;s"}]},{"@type":"WebSite","@id":"https:\/\/autobaak.nl\/#website","url":"https:\/\/autobaak.nl\/","name":"Autobook.de","description":"Autos &amp; Rennsport","potentialAction":[{"@type":"SearchAction","target":{"@type":"EntryPoint","urlTemplate":"https:\/\/autobaak.nl\/?s={search_term_string}"},"query-input":{"@type":"PropertyValueSpecification","valueRequired":true,"valueName":"search_term_string"}}],"inLanguage":"de"},{"@type":"Person","@id":"https:\/\/autobaak.nl\/#\/schema\/person\/539ebe80a38d4476550c564f37c97c41","name":"Stijn","image":{"@type":"ImageObject","inLanguage":"de","@id":"https:\/\/secure.gravatar.com\/avatar\/73d703c9363ff42bbf2da26461876c8fc4008eeb645ca3e2d7cfc4c4fe901cf9?s=96&d=mm&r=g","url":"https:\/\/secure.gravatar.com\/avatar\/73d703c9363ff42bbf2da26461876c8fc4008eeb645ca3e2d7cfc4c4fe901cf9?s=96&d=mm&r=g","contentUrl":"https:\/\/secure.gravatar.com\/avatar\/73d703c9363ff42bbf2da26461876c8fc4008eeb645ca3e2d7cfc4c4fe901cf9?s=96&d=mm&r=g","caption":"Stijn"},"url":"https:\/\/autobaak.nl\/de\/author\/admin\/"}]}},"_links":{"self":[{"href":"https:\/\/autobaak.nl\/de\/wp-json\/wp\/v2\/posts\/158301","targetHints":{"allow":["GET"]}}],"collection":[{"href":"https:\/\/autobaak.nl\/de\/wp-json\/wp\/v2\/posts"}],"about":[{"href":"https:\/\/autobaak.nl\/de\/wp-json\/wp\/v2\/types\/post"}],"author":[{"embeddable":true,"href":"https:\/\/autobaak.nl\/de\/wp-json\/wp\/v2\/users\/1"}],"replies":[{"embeddable":true,"href":"https:\/\/autobaak.nl\/de\/wp-json\/wp\/v2\/comments?post=158301"}],"version-history":[{"count":1,"href":"https:\/\/autobaak.nl\/de\/wp-json\/wp\/v2\/posts\/158301\/revisions"}],"predecessor-version":[{"id":158303,"href":"https:\/\/autobaak.nl\/de\/wp-json\/wp\/v2\/posts\/158301\/revisions\/158303"}],"wp:featuredmedia":[{"embeddable":true,"href":"https:\/\/autobaak.nl\/de\/wp-json\/wp\/v2\/media\/158299"}],"wp:attachment":[{"href":"https:\/\/autobaak.nl\/de\/wp-json\/wp\/v2\/media?parent=158301"}],"wp:term":[{"taxonomy":"category","embeddable":true,"href":"https:\/\/autobaak.nl\/de\/wp-json\/wp\/v2\/categories?post=158301"},{"taxonomy":"post_tag","embeddable":true,"href":"https:\/\/autobaak.nl\/de\/wp-json\/wp\/v2\/tags?post=158301"}],"curies":[{"name":"wp","href":"https:\/\/api.w.org\/{rel}","templated":true}]}}