{"id":158478,"date":"2025-11-23T15:44:43","date_gmt":"2025-11-23T14:44:43","guid":{"rendered":"https:\/\/autobaak.nl\/?p=158478"},"modified":"2025-11-23T15:44:43","modified_gmt":"2025-11-23T14:44:43","slug":"horner-als-neuer-teamchef-von-aston-martin-genannt","status":"publish","type":"post","link":"https:\/\/autobaak.nl\/de\/horner-als-neuer-teamchef-von-aston-martin-genannt\/","title":{"rendered":"Horner als neuer Teamchef von Aston Martin genannt"},"content":{"rendered":"<h2>Aston Martin erw\u00e4gt F\u00fchrungswechsel<\/h2>\n<p>Aston Martin erw\u00e4gt einen Wechsel an der Spitze. Christian Horner gilt als m\u00f6glicher Nachfolger. Auch Andreas Seidl und Mattia Binotto stehen auf der Liste. Die endg\u00fcltige Entscheidung trifft Eigent\u00fcmer Lawrence Stroll.<\/p>\n<h3>Kandidaten<\/h3>\n<p>Die genannten Namen sind konkret:<\/p>\n<ul>\n<li>Christian Horner \u2013 ehemaliger Teamchef von Red Bull.<\/li>\n<li>Andreas Seidl \u2013 ehemaliger McLaren-Chef.<\/li>\n<li>Mattia Binotto \u2013 derzeitiger COO bei Audi.<\/li>\n<\/ul>\n<h3>Die Rolle von Andy Cowell<\/h3>\n<p>Andy Cowell wird seine Position als Teamchef aufgeben. Er wird eine andere Funktion bei Aston Martin \u00fcbernehmen. Diese Position konzentriert sich mehr auf die Antriebs- und Motorenentwicklung. Aston Martin beginnt eine neue Zusammenarbeit mit Honda f\u00fcr den Antriebsstrang. Cowell kam Ende letzten Jahres zum Team. Zuvor leitete er die Motorenabteilung von Mercedes in Brixworth. Dort war er an mehreren Weltmeisterschaften beteiligt.<\/p>\n<h3>Ursachen f\u00fcr den Wechsel<\/h3>\n<p>Designer Adrian Newey ver\u00e4nderte die Arbeitsweise innerhalb des Teams. Dies f\u00fchrte laut Quellen zu Meinungsverschiedenheiten mit Cowell. Diese Differenzen spielten eine Rolle bei der Entscheidung, Cowell zu versetzen. Das Team m\u00f6chte sich st\u00e4rker auf das Design und die Motorenentwicklung konzentrieren.<\/p>\n<h3>Wie geht es weiter?<\/h3>\n<p>Lawrence Stroll pr\u00fcft derzeit, wer am besten zum neuen Konzept passt. Eine endg\u00fcltige Entscheidung ist noch nicht gefallen. Das Ergebnis wird die Richtung f\u00fcr Aston Martins Zukunft in der Formel 1 bestimmen.<\/p>","protected":false},"excerpt":{"rendered":"<p>Aston Martin erw\u00e4gt F\u00fchrungswechsel Aston Martin erw\u00e4gt einen Wechsel an der Spitze. Christian Horner gilt als m\u00f6glicher Nachfolger. Auch Andreas Seidl und Mattia Binotto stehen auf der Liste. Eigent\u00fcmer Lawrence Stroll trifft die endg\u00fcltige Entscheidung. Kandidaten Die genannten Namen sind konkret: Christian Horner \u2013 ehemaliger Teamchef von Red Bull. Andreas Seidl \u2013 [\u2026]<\/p>","protected":false},"author":1,"featured_media":158477,"comment_status":"closed","ping_status":"closed","sticky":false,"template":"","format":"standard","meta":{"_et_pb_use_builder":"","_et_pb_old_content":"","_et_gb_content_width":"","footnotes":""},"categories":[2274],"tags":[],"class_list":["post-158478","post","type-post","status-publish","format-standard","has-post-thumbnail","hentry","category-formule-1"],"yoast_head":"<!-- This site is optimized with the Yoast SEO plugin v27.4 - https:\/\/yoast.com\/product\/yoast-seo-wordpress\/ -->\n<title>Horner genoemd als nieuwe teambaas van Aston Martin - Autobaak.nl<\/title>\n<meta name=\"description\" content=\"Horner genoemd als nieuwe teambaas van Aston Martin\" \/>\n<meta name=\"robots\" content=\"index, follow, max-snippet:-1, max-image-preview:large, max-video-preview:-1\" \/>\n<link rel=\"canonical\" href=\"https:\/\/autobaak.nl\/de\/horner-als-neuer-teamchef-von-aston-martin-genannt\/\" \/>\n<meta property=\"og:locale\" content=\"de_DE\" \/>\n<meta property=\"og:type\" content=\"article\" \/>\n<meta property=\"og:title\" content=\"Horner genoemd als nieuwe teambaas van Aston Martin - Autobaak.nl\" \/>\n<meta property=\"og:description\" content=\"Horner genoemd als nieuwe teambaas van Aston Martin\" \/>\n<meta property=\"og:url\" content=\"https:\/\/autobaak.nl\/de\/horner-als-neuer-teamchef-von-aston-martin-genannt\/\" \/>\n<meta property=\"og:site_name\" content=\"Autobaak.nl\" \/>\n<meta property=\"article:published_time\" content=\"2025-11-23T14:44:43+00:00\" \/>\n<meta property=\"og:image\" content=\"https:\/\/autobaak.nl\/wp-content\/uploads\/2025\/11\/Horner-genoemd-als-nieuwe-teambaas-van-Aston-Martin.jpg\" \/>\n\t<meta property=\"og:image:width\" content=\"1080\" \/>\n\t<meta property=\"og:image:height\" content=\"1080\" \/>\n\t<meta property=\"og:image:type\" content=\"image\/jpeg\" \/>\n<meta name=\"author\" content=\"Stijn\" \/>\n<meta name=\"twitter:card\" content=\"summary_large_image\" \/>\n<meta name=\"twitter:label1\" content=\"Verfasst von\" \/>\n\t<meta name=\"twitter:data1\" content=\"Stijn\" \/>\n\t<meta name=\"twitter:label2\" content=\"Gesch\u00e4tzte Lesezeit\" \/>\n\t<meta name=\"twitter:data2\" content=\"1\u00a0Minute\" \/>\n<script type=\"application\/ld+json\" class=\"yoast-schema-graph\">{\"@context\":\"https:\\\/\\\/schema.org\",\"@graph\":[{\"@type\":\"Article\",\"@id\":\"https:\\\/\\\/autobaak.nl\\\/horner-genoemd-als-nieuwe-teambaas-van-aston-martin\\\/#article\",\"isPartOf\":{\"@id\":\"https:\\\/\\\/autobaak.nl\\\/horner-genoemd-als-nieuwe-teambaas-van-aston-martin\\\/\"},\"author\":{\"name\":\"Stijn\",\"@id\":\"https:\\\/\\\/autobaak.nl\\\/#\\\/schema\\\/person\\\/539ebe80a38d4476550c564f37c97c41\"},\"headline\":\"Horner genoemd als nieuwe teambaas van Aston Martin\",\"datePublished\":\"2025-11-23T14:44:43+00:00\",\"mainEntityOfPage\":{\"@id\":\"https:\\\/\\\/autobaak.nl\\\/horner-genoemd-als-nieuwe-teambaas-van-aston-martin\\\/\"},\"wordCount\":216,\"image\":{\"@id\":\"https:\\\/\\\/autobaak.nl\\\/horner-genoemd-als-nieuwe-teambaas-van-aston-martin\\\/#primaryimage\"},\"thumbnailUrl\":\"https:\\\/\\\/autobaak.nl\\\/wp-content\\\/uploads\\\/2025\\\/11\\\/Horner-genoemd-als-nieuwe-teambaas-van-Aston-Martin.jpg\",\"articleSection\":[\"Formule-1\"],\"inLanguage\":\"de\"},{\"@type\":\"WebPage\",\"@id\":\"https:\\\/\\\/autobaak.nl\\\/horner-genoemd-als-nieuwe-teambaas-van-aston-martin\\\/\",\"url\":\"https:\\\/\\\/autobaak.nl\\\/horner-genoemd-als-nieuwe-teambaas-van-aston-martin\\\/\",\"name\":\"Horner genoemd als nieuwe teambaas van Aston Martin - Autobaak.nl\",\"isPartOf\":{\"@id\":\"https:\\\/\\\/autobaak.nl\\\/#website\"},\"primaryImageOfPage\":{\"@id\":\"https:\\\/\\\/autobaak.nl\\\/horner-genoemd-als-nieuwe-teambaas-van-aston-martin\\\/#primaryimage\"},\"image\":{\"@id\":\"https:\\\/\\\/autobaak.nl\\\/horner-genoemd-als-nieuwe-teambaas-van-aston-martin\\\/#primaryimage\"},\"thumbnailUrl\":\"https:\\\/\\\/autobaak.nl\\\/wp-content\\\/uploads\\\/2025\\\/11\\\/Horner-genoemd-als-nieuwe-teambaas-van-Aston-Martin.jpg\",\"datePublished\":\"2025-11-23T14:44:43+00:00\",\"author\":{\"@id\":\"https:\\\/\\\/autobaak.nl\\\/#\\\/schema\\\/person\\\/539ebe80a38d4476550c564f37c97c41\"},\"description\":\"Horner genoemd als nieuwe teambaas van Aston Martin\",\"breadcrumb\":{\"@id\":\"https:\\\/\\\/autobaak.nl\\\/horner-genoemd-als-nieuwe-teambaas-van-aston-martin\\\/#breadcrumb\"},\"inLanguage\":\"de\",\"potentialAction\":[{\"@type\":\"ReadAction\",\"target\":[\"https:\\\/\\\/autobaak.nl\\\/horner-genoemd-als-nieuwe-teambaas-van-aston-martin\\\/\"]}]},{\"@type\":\"ImageObject\",\"inLanguage\":\"de\",\"@id\":\"https:\\\/\\\/autobaak.nl\\\/horner-genoemd-als-nieuwe-teambaas-van-aston-martin\\\/#primaryimage\",\"url\":\"https:\\\/\\\/autobaak.nl\\\/wp-content\\\/uploads\\\/2025\\\/11\\\/Horner-genoemd-als-nieuwe-teambaas-van-Aston-Martin.jpg\",\"contentUrl\":\"https:\\\/\\\/autobaak.nl\\\/wp-content\\\/uploads\\\/2025\\\/11\\\/Horner-genoemd-als-nieuwe-teambaas-van-Aston-Martin.jpg\",\"width\":1080,\"height\":1080},{\"@type\":\"BreadcrumbList\",\"@id\":\"https:\\\/\\\/autobaak.nl\\\/horner-genoemd-als-nieuwe-teambaas-van-aston-martin\\\/#breadcrumb\",\"itemListElement\":[{\"@type\":\"ListItem\",\"position\":1,\"name\":\"Home\",\"item\":\"https:\\\/\\\/autobaak.nl\\\/\"},{\"@type\":\"ListItem\",\"position\":2,\"name\":\"Horner genoemd als nieuwe teambaas van Aston Martin\"}]},{\"@type\":\"WebSite\",\"@id\":\"https:\\\/\\\/autobaak.nl\\\/#website\",\"url\":\"https:\\\/\\\/autobaak.nl\\\/\",\"name\":\"Autobaak.nl\",\"description\":\"Cars &amp; Racing\",\"potentialAction\":[{\"@type\":\"SearchAction\",\"target\":{\"@type\":\"EntryPoint\",\"urlTemplate\":\"https:\\\/\\\/autobaak.nl\\\/?s={search_term_string}\"},\"query-input\":{\"@type\":\"PropertyValueSpecification\",\"valueRequired\":true,\"valueName\":\"search_term_string\"}}],\"inLanguage\":\"de\"},{\"@type\":\"Person\",\"@id\":\"https:\\\/\\\/autobaak.nl\\\/#\\\/schema\\\/person\\\/539ebe80a38d4476550c564f37c97c41\",\"name\":\"Stijn\",\"image\":{\"@type\":\"ImageObject\",\"inLanguage\":\"de\",\"@id\":\"https:\\\/\\\/secure.gravatar.com\\\/avatar\\\/73d703c9363ff42bbf2da26461876c8fc4008eeb645ca3e2d7cfc4c4fe901cf9?s=96&d=mm&r=g\",\"url\":\"https:\\\/\\\/secure.gravatar.com\\\/avatar\\\/73d703c9363ff42bbf2da26461876c8fc4008eeb645ca3e2d7cfc4c4fe901cf9?s=96&d=mm&r=g\",\"contentUrl\":\"https:\\\/\\\/secure.gravatar.com\\\/avatar\\\/73d703c9363ff42bbf2da26461876c8fc4008eeb645ca3e2d7cfc4c4fe901cf9?s=96&d=mm&r=g\",\"caption\":\"Stijn\"},\"url\":\"https:\\\/\\\/autobaak.nl\\\/de\\\/author\\\/admin\\\/\"}]}<\/script>\n<!-- \/ Yoast SEO plugin. -->","yoast_head_json":{"title":"Horner als neuer Teamchef von Aston Martin genannt \u2013 Autobaak.nl","description":"Horner als neuer Teamchef von Aston Martin genannt","robots":{"index":"index","follow":"follow","max-snippet":"max-snippet:-1","max-image-preview":"max-image-preview:large","max-video-preview":"max-video-preview:-1"},"canonical":"https:\/\/autobaak.nl\/de\/horner-als-neuer-teamchef-von-aston-martin-genannt\/","og_locale":"de_DE","og_type":"article","og_title":"Horner genoemd als nieuwe teambaas van Aston Martin - Autobaak.nl","og_description":"Horner genoemd als nieuwe teambaas van Aston Martin","og_url":"https:\/\/autobaak.nl\/de\/horner-als-neuer-teamchef-von-aston-martin-genannt\/","og_site_name":"Autobaak.nl","article_published_time":"2025-11-23T14:44:43+00:00","og_image":[{"width":1080,"height":1080,"url":"https:\/\/autobaak.nl\/wp-content\/uploads\/2025\/11\/Horner-genoemd-als-nieuwe-teambaas-van-Aston-Martin.jpg","type":"image\/jpeg"}],"author":"Stijn","twitter_card":"summary_large_image","twitter_misc":{"Verfasst von":"Stijn","Gesch\u00e4tzte Lesezeit":"1\u00a0Minute"},"schema":{"@context":"https:\/\/schema.org","@graph":[{"@type":"Article","@id":"https:\/\/autobaak.nl\/horner-genoemd-als-nieuwe-teambaas-van-aston-martin\/#article","isPartOf":{"@id":"https:\/\/autobaak.nl\/horner-genoemd-als-nieuwe-teambaas-van-aston-martin\/"},"author":{"name":"Stijn","@id":"https:\/\/autobaak.nl\/#\/schema\/person\/539ebe80a38d4476550c564f37c97c41"},"headline":"Horner genoemd als nieuwe teambaas van Aston Martin","datePublished":"2025-11-23T14:44:43+00:00","mainEntityOfPage":{"@id":"https:\/\/autobaak.nl\/horner-genoemd-als-nieuwe-teambaas-van-aston-martin\/"},"wordCount":216,"image":{"@id":"https:\/\/autobaak.nl\/horner-genoemd-als-nieuwe-teambaas-van-aston-martin\/#primaryimage"},"thumbnailUrl":"https:\/\/autobaak.nl\/wp-content\/uploads\/2025\/11\/Horner-genoemd-als-nieuwe-teambaas-van-Aston-Martin.jpg","articleSection":["Formule-1"],"inLanguage":"de"},{"@type":"WebPage","@id":"https:\/\/autobaak.nl\/horner-genoemd-als-nieuwe-teambaas-van-aston-martin\/","url":"https:\/\/autobaak.nl\/horner-genoemd-als-nieuwe-teambaas-van-aston-martin\/","name":"Horner als neuer Teamchef von Aston Martin genannt \u2013 Autobaak.nl","isPartOf":{"@id":"https:\/\/autobaak.nl\/#website"},"primaryImageOfPage":{"@id":"https:\/\/autobaak.nl\/horner-genoemd-als-nieuwe-teambaas-van-aston-martin\/#primaryimage"},"image":{"@id":"https:\/\/autobaak.nl\/horner-genoemd-als-nieuwe-teambaas-van-aston-martin\/#primaryimage"},"thumbnailUrl":"https:\/\/autobaak.nl\/wp-content\/uploads\/2025\/11\/Horner-genoemd-als-nieuwe-teambaas-van-Aston-Martin.jpg","datePublished":"2025-11-23T14:44:43+00:00","author":{"@id":"https:\/\/autobaak.nl\/#\/schema\/person\/539ebe80a38d4476550c564f37c97c41"},"description":"Horner als neuer Teamchef von Aston Martin genannt","breadcrumb":{"@id":"https:\/\/autobaak.nl\/horner-genoemd-als-nieuwe-teambaas-van-aston-martin\/#breadcrumb"},"inLanguage":"de","potentialAction":[{"@type":"ReadAction","target":["https:\/\/autobaak.nl\/horner-genoemd-als-nieuwe-teambaas-van-aston-martin\/"]}]},{"@type":"ImageObject","inLanguage":"de","@id":"https:\/\/autobaak.nl\/horner-genoemd-als-nieuwe-teambaas-van-aston-martin\/#primaryimage","url":"https:\/\/autobaak.nl\/wp-content\/uploads\/2025\/11\/Horner-genoemd-als-nieuwe-teambaas-van-Aston-Martin.jpg","contentUrl":"https:\/\/autobaak.nl\/wp-content\/uploads\/2025\/11\/Horner-genoemd-als-nieuwe-teambaas-van-Aston-Martin.jpg","width":1080,"height":1080},{"@type":"BreadcrumbList","@id":"https:\/\/autobaak.nl\/horner-genoemd-als-nieuwe-teambaas-van-aston-martin\/#breadcrumb","itemListElement":[{"@type":"ListItem","position":1,"name":"Home","item":"https:\/\/autobaak.nl\/"},{"@type":"ListItem","position":2,"name":"Horner genoemd als nieuwe teambaas van Aston Martin"}]},{"@type":"WebSite","@id":"https:\/\/autobaak.nl\/#website","url":"https:\/\/autobaak.nl\/","name":"Autobook.de","description":"Autos &amp; Rennsport","potentialAction":[{"@type":"SearchAction","target":{"@type":"EntryPoint","urlTemplate":"https:\/\/autobaak.nl\/?s={search_term_string}"},"query-input":{"@type":"PropertyValueSpecification","valueRequired":true,"valueName":"search_term_string"}}],"inLanguage":"de"},{"@type":"Person","@id":"https:\/\/autobaak.nl\/#\/schema\/person\/539ebe80a38d4476550c564f37c97c41","name":"Stijn","image":{"@type":"ImageObject","inLanguage":"de","@id":"https:\/\/secure.gravatar.com\/avatar\/73d703c9363ff42bbf2da26461876c8fc4008eeb645ca3e2d7cfc4c4fe901cf9?s=96&d=mm&r=g","url":"https:\/\/secure.gravatar.com\/avatar\/73d703c9363ff42bbf2da26461876c8fc4008eeb645ca3e2d7cfc4c4fe901cf9?s=96&d=mm&r=g","contentUrl":"https:\/\/secure.gravatar.com\/avatar\/73d703c9363ff42bbf2da26461876c8fc4008eeb645ca3e2d7cfc4c4fe901cf9?s=96&d=mm&r=g","caption":"Stijn"},"url":"https:\/\/autobaak.nl\/de\/author\/admin\/"}]}},"_links":{"self":[{"href":"https:\/\/autobaak.nl\/de\/wp-json\/wp\/v2\/posts\/158478","targetHints":{"allow":["GET"]}}],"collection":[{"href":"https:\/\/autobaak.nl\/de\/wp-json\/wp\/v2\/posts"}],"about":[{"href":"https:\/\/autobaak.nl\/de\/wp-json\/wp\/v2\/types\/post"}],"author":[{"embeddable":true,"href":"https:\/\/autobaak.nl\/de\/wp-json\/wp\/v2\/users\/1"}],"replies":[{"embeddable":true,"href":"https:\/\/autobaak.nl\/de\/wp-json\/wp\/v2\/comments?post=158478"}],"version-history":[{"count":1,"href":"https:\/\/autobaak.nl\/de\/wp-json\/wp\/v2\/posts\/158478\/revisions"}],"predecessor-version":[{"id":158479,"href":"https:\/\/autobaak.nl\/de\/wp-json\/wp\/v2\/posts\/158478\/revisions\/158479"}],"wp:featuredmedia":[{"embeddable":true,"href":"https:\/\/autobaak.nl\/de\/wp-json\/wp\/v2\/media\/158477"}],"wp:attachment":[{"href":"https:\/\/autobaak.nl\/de\/wp-json\/wp\/v2\/media?parent=158478"}],"wp:term":[{"taxonomy":"category","embeddable":true,"href":"https:\/\/autobaak.nl\/de\/wp-json\/wp\/v2\/categories?post=158478"},{"taxonomy":"post_tag","embeddable":true,"href":"https:\/\/autobaak.nl\/de\/wp-json\/wp\/v2\/tags?post=158478"}],"curies":[{"name":"wp","href":"https:\/\/api.w.org\/{rel}","templated":true}]}}