{"id":158588,"date":"2025-11-29T09:44:37","date_gmt":"2025-11-29T08:44:37","guid":{"rendered":"https:\/\/autobaak.nl\/?p=158588"},"modified":"2025-11-29T09:44:37","modified_gmt":"2025-11-29T08:44:37","slug":"manthey-reduziert-dtm-programm","status":"publish","type":"post","link":"https:\/\/autobaak.nl\/de\/manthey-reduziert-dtm-programm\/","title":{"rendered":"Manthey reduziert DTM-Programm"},"content":{"rendered":"<h2>Manthey begrenzt Einsatz: zwei 911 GT3 R im Jahr 2026<\/h2>\n<p>Manthey wird 2026 nicht mehr wie 2025 mit drei Fahrzeugen in der DTM antreten. Beim Saisonfinale der WEC in Bahrain machte Chefmechaniker Patrick Arkenau deutlich, dass das Team zwei 911 GT3 R mit dem neuen Evo-Paket anmelden wird. Das ist eine deutliche Verkleinerung des Programms.<\/p>\n<p>Manthey bleibt ein Kundenteam von Porsche. Das bedeutet, dass das Team zwar Pr\u00e4ferenzen \u00e4u\u00dfern kann, aber letztendlich Porsche entscheidet, welche Fahrer zugeteilt werden. Arkenau \u00e4u\u00dferte sich positiv \u00fcber das Niveau der Aufstellung: Er geht davon aus, dass die Kombination mindestens genauso stark sein wird wie in den Vorjahren.<\/p>\n<h2>Wer f\u00e4hrt 2026? Preining nah dran, Feller aussichtsreicher Kandidat<\/h2>\n<p>Thomas Preining scheint sich seines Platzes bei Manthey im Jahr 2026 sicher zu sein. Der \u00d6sterreicher gilt als einer der besten DTM-Piloten und bleibt eine feste Gr\u00f6\u00dfe im Porsche-Programm. Preining wird auch f\u00fcr Langstreckenrennen in der IMSA genannt, aber vorerst ist sein DTM-Platz bei Manthey wahrscheinlich.<\/p>\n<p>Als m\u00f6glicher Teamkollege von Preining wird vor allem Ricardo Feller genannt. Der 25-j\u00e4hrige Porsche-Fahrer Feller fuhr k\u00fcrzlich bereits f\u00fcr Manthey beim Pirelli-Test in Le Castellet; Preining war dort am Donnerstag der andere Fahrer. Laut einem Sprecher von Manthey wurden beide Fahrer von Porsche f\u00fcr diesen Test ausgew\u00e4hlt, und die endg\u00fcltige DTM-Aufstellung f\u00fcr 2026 ist noch nicht offiziell best\u00e4tigt.<\/p>\n<ul>\n<li>Manthey meldet zwei 911 GT3 R Evo f\u00fcr 2026 an.<\/li>\n<li>Thomas Preining scheint weiterhin f\u00fcr Manthey zu fahren.<\/li>\n<li>Ricardo Feller testete f\u00fcr Manthey und wird als m\u00f6glicher Teamkollege genannt.<\/li>\n<li>Die endg\u00fcltige Fahreraufstellung wird von Porsche festgelegt.<\/li>\n<\/ul>\n<h2>G\u00fcven in Richtung anderer Wege; Land-Team und die Kosten des Evo<\/h2>\n<p>Champion Ayhancan G\u00fcven fehlt beim Pirelli-Test in Le Castellet und hat noch nichts \u00fcber die Verteidigung seines DTM-Titels best\u00e4tigt. Nach Informationen aus Rennkreisen hat Porsche andere Pl\u00e4ne mit G\u00fcven. Er beeindruckte beim Formel-E-Rookie-Test und wird dort bereits als Kandidat genannt. Porsche hat au\u00dferdem ein zweites Werksteam f\u00fcr die Formel E f\u00fcr 2026\/2027 angek\u00fcndigt, wodurch Arbeitspl\u00e4tze f\u00fcr junge Talente frei werden.<\/p>\n<p>F\u00fcr G\u00fcven k\u00f6nnte das bedeuten, dass das Jahr nach seinem DTM-Titel vor allem im Zeichen der Vorbereitung auf die Formel E steht, zumal er wenig Erfahrung im Formelsport hat. Das w\u00fcrde erkl\u00e4ren, warum er in Le Castellet nicht dabei war.<\/p>\n<p>Dar\u00fcber hinaus herrscht Unklarheit \u00fcber das Land-Team, das k\u00fcrzlich von Audi zu Porsche gewechselt ist. Teamchef Christian Land sagt, dass er intensiv am Programm f\u00fcr 2026 arbeitet, aber die Kosten f\u00fcr den 911 GT3 R Evo sind ein wichtiger Faktor. Der Evo ist in der Anschaffung und im Betrieb teurer als der Audi, was die Finanzierung des Projekts unsicher macht. Ob das Team nach dem Deb\u00fctjahr mit Feller und dem neuen Auto weitermachen kann, h\u00e4ngt also vor allem vom Budget ab.<\/p>\n<p>Zusammengefasst: Manthey wird das DTM-Programm verkleinern und hat bereits mit potenziellen Fahrern getestet, aber Porsche beh\u00e4lt die Kontrolle. Die endg\u00fcltige Fahreraufstellung und das vollst\u00e4ndige Teilnehmerfeld f\u00fcr 2026 werden erst bekannt gegeben, sobald Porsche seine Entscheidungen bekannt gegeben hat.<\/p>","protected":false},"excerpt":{"rendered":"<p>Manthey begrenzt Einsatz: zwei 911 GT3 R im Jahr 2026 Manthey wird 2026 nicht mehr wie 2025 mit drei Fahrzeugen in der DTM antreten. Beim WEC-Saisonfinale in Bahrain machte Chefmechaniker Patrick Arkenau deutlich, dass das Team zwei 911 GT3 R mit dem neuen Evo-Paket anmelden wird. Dies ist eine deutliche Verkleinerung des [\u2026]<\/p>","protected":false},"author":1,"featured_media":158585,"comment_status":"closed","ping_status":"closed","sticky":false,"template":"","format":"standard","meta":{"_et_pb_use_builder":"","_et_pb_old_content":"","_et_gb_content_width":"","footnotes":""},"categories":[2276],"tags":[],"class_list":["post-158588","post","type-post","status-publish","format-standard","has-post-thumbnail","hentry","category-dtm"],"yoast_head":"<!-- This site is optimized with the Yoast SEO plugin v27.4 - https:\/\/yoast.com\/product\/yoast-seo-wordpress\/ -->\n<title>Manthey schaalt DTM-programma terug - Autobaak.nl<\/title>\n<meta name=\"description\" content=\"Manthey schaalt DTM-programma terug\" \/>\n<meta name=\"robots\" content=\"index, follow, max-snippet:-1, max-image-preview:large, max-video-preview:-1\" \/>\n<link rel=\"canonical\" href=\"https:\/\/autobaak.nl\/de\/manthey-reduziert-dtm-programm\/\" \/>\n<meta property=\"og:locale\" content=\"de_DE\" \/>\n<meta property=\"og:type\" content=\"article\" \/>\n<meta property=\"og:title\" content=\"Manthey schaalt DTM-programma terug - Autobaak.nl\" \/>\n<meta property=\"og:description\" content=\"Manthey schaalt DTM-programma terug\" \/>\n<meta property=\"og:url\" content=\"https:\/\/autobaak.nl\/de\/manthey-reduziert-dtm-programm\/\" \/>\n<meta property=\"og:site_name\" content=\"Autobaak.nl\" \/>\n<meta property=\"article:published_time\" content=\"2025-11-29T08:44:37+00:00\" \/>\n<meta property=\"og:image\" content=\"https:\/\/autobaak.nl\/wp-content\/uploads\/2025\/11\/Manthey-schaalt-DTM-programma-terug.jpg\" \/>\n\t<meta property=\"og:image:width\" content=\"1080\" \/>\n\t<meta property=\"og:image:height\" content=\"1080\" \/>\n\t<meta property=\"og:image:type\" content=\"image\/jpeg\" \/>\n<meta name=\"author\" content=\"Stijn\" \/>\n<meta name=\"twitter:card\" content=\"summary_large_image\" \/>\n<meta name=\"twitter:label1\" content=\"Verfasst von\" \/>\n\t<meta name=\"twitter:data1\" content=\"Stijn\" \/>\n\t<meta name=\"twitter:label2\" content=\"Gesch\u00e4tzte Lesezeit\" \/>\n\t<meta name=\"twitter:data2\" content=\"2\u00a0Minuten\" \/>\n<script type=\"application\/ld+json\" class=\"yoast-schema-graph\">{\"@context\":\"https:\\\/\\\/schema.org\",\"@graph\":[{\"@type\":\"Article\",\"@id\":\"https:\\\/\\\/autobaak.nl\\\/manthey-schaalt-dtm-programma-terug\\\/#article\",\"isPartOf\":{\"@id\":\"https:\\\/\\\/autobaak.nl\\\/manthey-schaalt-dtm-programma-terug\\\/\"},\"author\":{\"name\":\"Stijn\",\"@id\":\"https:\\\/\\\/autobaak.nl\\\/#\\\/schema\\\/person\\\/539ebe80a38d4476550c564f37c97c41\"},\"headline\":\"Manthey schaalt DTM-programma terug\",\"datePublished\":\"2025-11-29T08:44:37+00:00\",\"mainEntityOfPage\":{\"@id\":\"https:\\\/\\\/autobaak.nl\\\/manthey-schaalt-dtm-programma-terug\\\/\"},\"wordCount\":475,\"image\":{\"@id\":\"https:\\\/\\\/autobaak.nl\\\/manthey-schaalt-dtm-programma-terug\\\/#primaryimage\"},\"thumbnailUrl\":\"https:\\\/\\\/autobaak.nl\\\/wp-content\\\/uploads\\\/2025\\\/11\\\/Manthey-schaalt-DTM-programma-terug.jpg\",\"articleSection\":[\"DTM\"],\"inLanguage\":\"de\"},{\"@type\":\"WebPage\",\"@id\":\"https:\\\/\\\/autobaak.nl\\\/manthey-schaalt-dtm-programma-terug\\\/\",\"url\":\"https:\\\/\\\/autobaak.nl\\\/manthey-schaalt-dtm-programma-terug\\\/\",\"name\":\"Manthey schaalt DTM-programma terug - Autobaak.nl\",\"isPartOf\":{\"@id\":\"https:\\\/\\\/autobaak.nl\\\/#website\"},\"primaryImageOfPage\":{\"@id\":\"https:\\\/\\\/autobaak.nl\\\/manthey-schaalt-dtm-programma-terug\\\/#primaryimage\"},\"image\":{\"@id\":\"https:\\\/\\\/autobaak.nl\\\/manthey-schaalt-dtm-programma-terug\\\/#primaryimage\"},\"thumbnailUrl\":\"https:\\\/\\\/autobaak.nl\\\/wp-content\\\/uploads\\\/2025\\\/11\\\/Manthey-schaalt-DTM-programma-terug.jpg\",\"datePublished\":\"2025-11-29T08:44:37+00:00\",\"author\":{\"@id\":\"https:\\\/\\\/autobaak.nl\\\/#\\\/schema\\\/person\\\/539ebe80a38d4476550c564f37c97c41\"},\"description\":\"Manthey schaalt DTM-programma terug\",\"breadcrumb\":{\"@id\":\"https:\\\/\\\/autobaak.nl\\\/manthey-schaalt-dtm-programma-terug\\\/#breadcrumb\"},\"inLanguage\":\"de\",\"potentialAction\":[{\"@type\":\"ReadAction\",\"target\":[\"https:\\\/\\\/autobaak.nl\\\/manthey-schaalt-dtm-programma-terug\\\/\"]}]},{\"@type\":\"ImageObject\",\"inLanguage\":\"de\",\"@id\":\"https:\\\/\\\/autobaak.nl\\\/manthey-schaalt-dtm-programma-terug\\\/#primaryimage\",\"url\":\"https:\\\/\\\/autobaak.nl\\\/wp-content\\\/uploads\\\/2025\\\/11\\\/Manthey-schaalt-DTM-programma-terug.jpg\",\"contentUrl\":\"https:\\\/\\\/autobaak.nl\\\/wp-content\\\/uploads\\\/2025\\\/11\\\/Manthey-schaalt-DTM-programma-terug.jpg\",\"width\":1080,\"height\":1080},{\"@type\":\"BreadcrumbList\",\"@id\":\"https:\\\/\\\/autobaak.nl\\\/manthey-schaalt-dtm-programma-terug\\\/#breadcrumb\",\"itemListElement\":[{\"@type\":\"ListItem\",\"position\":1,\"name\":\"Home\",\"item\":\"https:\\\/\\\/autobaak.nl\\\/\"},{\"@type\":\"ListItem\",\"position\":2,\"name\":\"Manthey schaalt DTM-programma terug\"}]},{\"@type\":\"WebSite\",\"@id\":\"https:\\\/\\\/autobaak.nl\\\/#website\",\"url\":\"https:\\\/\\\/autobaak.nl\\\/\",\"name\":\"Autobaak.nl\",\"description\":\"Cars &amp; Racing\",\"potentialAction\":[{\"@type\":\"SearchAction\",\"target\":{\"@type\":\"EntryPoint\",\"urlTemplate\":\"https:\\\/\\\/autobaak.nl\\\/?s={search_term_string}\"},\"query-input\":{\"@type\":\"PropertyValueSpecification\",\"valueRequired\":true,\"valueName\":\"search_term_string\"}}],\"inLanguage\":\"de\"},{\"@type\":\"Person\",\"@id\":\"https:\\\/\\\/autobaak.nl\\\/#\\\/schema\\\/person\\\/539ebe80a38d4476550c564f37c97c41\",\"name\":\"Stijn\",\"image\":{\"@type\":\"ImageObject\",\"inLanguage\":\"de\",\"@id\":\"https:\\\/\\\/secure.gravatar.com\\\/avatar\\\/73d703c9363ff42bbf2da26461876c8fc4008eeb645ca3e2d7cfc4c4fe901cf9?s=96&d=mm&r=g\",\"url\":\"https:\\\/\\\/secure.gravatar.com\\\/avatar\\\/73d703c9363ff42bbf2da26461876c8fc4008eeb645ca3e2d7cfc4c4fe901cf9?s=96&d=mm&r=g\",\"contentUrl\":\"https:\\\/\\\/secure.gravatar.com\\\/avatar\\\/73d703c9363ff42bbf2da26461876c8fc4008eeb645ca3e2d7cfc4c4fe901cf9?s=96&d=mm&r=g\",\"caption\":\"Stijn\"},\"url\":\"https:\\\/\\\/autobaak.nl\\\/de\\\/author\\\/admin\\\/\"}]}<\/script>\n<!-- \/ Yoast SEO plugin. -->","yoast_head_json":{"title":"Manthey reduziert DTM-Programm \u2013 Autobaak.nl","description":"Manthey reduziert DTM-Programm","robots":{"index":"index","follow":"follow","max-snippet":"max-snippet:-1","max-image-preview":"max-image-preview:large","max-video-preview":"max-video-preview:-1"},"canonical":"https:\/\/autobaak.nl\/de\/manthey-reduziert-dtm-programm\/","og_locale":"de_DE","og_type":"article","og_title":"Manthey schaalt DTM-programma terug - Autobaak.nl","og_description":"Manthey schaalt DTM-programma terug","og_url":"https:\/\/autobaak.nl\/de\/manthey-reduziert-dtm-programm\/","og_site_name":"Autobaak.nl","article_published_time":"2025-11-29T08:44:37+00:00","og_image":[{"width":1080,"height":1080,"url":"https:\/\/autobaak.nl\/wp-content\/uploads\/2025\/11\/Manthey-schaalt-DTM-programma-terug.jpg","type":"image\/jpeg"}],"author":"Stijn","twitter_card":"summary_large_image","twitter_misc":{"Verfasst von":"Stijn","Gesch\u00e4tzte Lesezeit":"2\u00a0Minuten"},"schema":{"@context":"https:\/\/schema.org","@graph":[{"@type":"Article","@id":"https:\/\/autobaak.nl\/manthey-schaalt-dtm-programma-terug\/#article","isPartOf":{"@id":"https:\/\/autobaak.nl\/manthey-schaalt-dtm-programma-terug\/"},"author":{"name":"Stijn","@id":"https:\/\/autobaak.nl\/#\/schema\/person\/539ebe80a38d4476550c564f37c97c41"},"headline":"Manthey schaalt DTM-programma terug","datePublished":"2025-11-29T08:44:37+00:00","mainEntityOfPage":{"@id":"https:\/\/autobaak.nl\/manthey-schaalt-dtm-programma-terug\/"},"wordCount":475,"image":{"@id":"https:\/\/autobaak.nl\/manthey-schaalt-dtm-programma-terug\/#primaryimage"},"thumbnailUrl":"https:\/\/autobaak.nl\/wp-content\/uploads\/2025\/11\/Manthey-schaalt-DTM-programma-terug.jpg","articleSection":["DTM"],"inLanguage":"de"},{"@type":"WebPage","@id":"https:\/\/autobaak.nl\/manthey-schaalt-dtm-programma-terug\/","url":"https:\/\/autobaak.nl\/manthey-schaalt-dtm-programma-terug\/","name":"Manthey reduziert DTM-Programm \u2013 Autobaak.nl","isPartOf":{"@id":"https:\/\/autobaak.nl\/#website"},"primaryImageOfPage":{"@id":"https:\/\/autobaak.nl\/manthey-schaalt-dtm-programma-terug\/#primaryimage"},"image":{"@id":"https:\/\/autobaak.nl\/manthey-schaalt-dtm-programma-terug\/#primaryimage"},"thumbnailUrl":"https:\/\/autobaak.nl\/wp-content\/uploads\/2025\/11\/Manthey-schaalt-DTM-programma-terug.jpg","datePublished":"2025-11-29T08:44:37+00:00","author":{"@id":"https:\/\/autobaak.nl\/#\/schema\/person\/539ebe80a38d4476550c564f37c97c41"},"description":"Manthey reduziert DTM-Programm","breadcrumb":{"@id":"https:\/\/autobaak.nl\/manthey-schaalt-dtm-programma-terug\/#breadcrumb"},"inLanguage":"de","potentialAction":[{"@type":"ReadAction","target":["https:\/\/autobaak.nl\/manthey-schaalt-dtm-programma-terug\/"]}]},{"@type":"ImageObject","inLanguage":"de","@id":"https:\/\/autobaak.nl\/manthey-schaalt-dtm-programma-terug\/#primaryimage","url":"https:\/\/autobaak.nl\/wp-content\/uploads\/2025\/11\/Manthey-schaalt-DTM-programma-terug.jpg","contentUrl":"https:\/\/autobaak.nl\/wp-content\/uploads\/2025\/11\/Manthey-schaalt-DTM-programma-terug.jpg","width":1080,"height":1080},{"@type":"BreadcrumbList","@id":"https:\/\/autobaak.nl\/manthey-schaalt-dtm-programma-terug\/#breadcrumb","itemListElement":[{"@type":"ListItem","position":1,"name":"Home","item":"https:\/\/autobaak.nl\/"},{"@type":"ListItem","position":2,"name":"Manthey schaalt DTM-programma terug"}]},{"@type":"WebSite","@id":"https:\/\/autobaak.nl\/#website","url":"https:\/\/autobaak.nl\/","name":"Autobook.de","description":"Autos &amp; Rennsport","potentialAction":[{"@type":"SearchAction","target":{"@type":"EntryPoint","urlTemplate":"https:\/\/autobaak.nl\/?s={search_term_string}"},"query-input":{"@type":"PropertyValueSpecification","valueRequired":true,"valueName":"search_term_string"}}],"inLanguage":"de"},{"@type":"Person","@id":"https:\/\/autobaak.nl\/#\/schema\/person\/539ebe80a38d4476550c564f37c97c41","name":"Stijn","image":{"@type":"ImageObject","inLanguage":"de","@id":"https:\/\/secure.gravatar.com\/avatar\/73d703c9363ff42bbf2da26461876c8fc4008eeb645ca3e2d7cfc4c4fe901cf9?s=96&d=mm&r=g","url":"https:\/\/secure.gravatar.com\/avatar\/73d703c9363ff42bbf2da26461876c8fc4008eeb645ca3e2d7cfc4c4fe901cf9?s=96&d=mm&r=g","contentUrl":"https:\/\/secure.gravatar.com\/avatar\/73d703c9363ff42bbf2da26461876c8fc4008eeb645ca3e2d7cfc4c4fe901cf9?s=96&d=mm&r=g","caption":"Stijn"},"url":"https:\/\/autobaak.nl\/de\/author\/admin\/"}]}},"_links":{"self":[{"href":"https:\/\/autobaak.nl\/de\/wp-json\/wp\/v2\/posts\/158588","targetHints":{"allow":["GET"]}}],"collection":[{"href":"https:\/\/autobaak.nl\/de\/wp-json\/wp\/v2\/posts"}],"about":[{"href":"https:\/\/autobaak.nl\/de\/wp-json\/wp\/v2\/types\/post"}],"author":[{"embeddable":true,"href":"https:\/\/autobaak.nl\/de\/wp-json\/wp\/v2\/users\/1"}],"replies":[{"embeddable":true,"href":"https:\/\/autobaak.nl\/de\/wp-json\/wp\/v2\/comments?post=158588"}],"version-history":[{"count":1,"href":"https:\/\/autobaak.nl\/de\/wp-json\/wp\/v2\/posts\/158588\/revisions"}],"predecessor-version":[{"id":158589,"href":"https:\/\/autobaak.nl\/de\/wp-json\/wp\/v2\/posts\/158588\/revisions\/158589"}],"wp:featuredmedia":[{"embeddable":true,"href":"https:\/\/autobaak.nl\/de\/wp-json\/wp\/v2\/media\/158585"}],"wp:attachment":[{"href":"https:\/\/autobaak.nl\/de\/wp-json\/wp\/v2\/media?parent=158588"}],"wp:term":[{"taxonomy":"category","embeddable":true,"href":"https:\/\/autobaak.nl\/de\/wp-json\/wp\/v2\/categories?post=158588"},{"taxonomy":"post_tag","embeddable":true,"href":"https:\/\/autobaak.nl\/de\/wp-json\/wp\/v2\/tags?post=158588"}],"curies":[{"name":"wp","href":"https:\/\/api.w.org\/{rel}","templated":true}]}}