{"id":158896,"date":"2025-12-08T21:45:39","date_gmt":"2025-12-08T20:45:39","guid":{"rendered":"https:\/\/autobaak.nl\/?p=158896"},"modified":"2025-12-08T21:45:39","modified_gmt":"2025-12-08T20:45:39","slug":"guven-verlasst-dtm-nach-titelgewinn","status":"publish","type":"post","link":"https:\/\/autobaak.nl\/de\/guven-verlasst-dtm-nach-titelgewinn\/","title":{"rendered":"G\u00fcven verl\u00e4sst DTM nach Titelgewinn"},"content":{"rendered":"<h2>G\u00fcven entscheidet sich f\u00fcr WEC und Le Mans<\/h2>\n<p>Es ist offiziell: Ayhancan G\u00fcven wird seinen DTM-Titel 2026 nicht verteidigen. In einer Mitteilung auf Instagram gab der Champion bekannt, dass er n\u00e4chstes Jahr nicht mehr in der DTM fahren wird, sondern stattdessen in der FIA-Langstrecken-Weltmeisterschaft an den Start gehen wird. Damit gibt er auch sein Deb\u00fct in Le Mans.<\/p>\n<p>G\u00fcven, der k\u00fcrzlich von Porsche zum Werksfahrer ernannt wurde, wird bei Manthey in der LMGT3-Klasse fahren. Er f\u00fchrt das Fahrertrio im zweiten Porsche 911 GT3 R Evo an; die Namen seiner Teamkollegen wird das Team voraussichtlich Mitte Dezember bekannt geben.<\/p>\n<h2>Grund f\u00fcr die Wahl und Auswirkungen auf DTM<\/h2>\n<p>Manthey teilte mit, dass er gerne mit G\u00fcven in der DTM weitergemacht h\u00e4tte, dass sich der Fahrer und Porsche jedoch f\u00fcr das WEC-Programm entschieden h\u00e4tten. Diese Entscheidung steht im Einklang mit G\u00fcven's Pl\u00e4nen, sich Ende 2026 auf den Wechsel zur Formel E zu konzentrieren. Die Saison 2026 ist f\u00fcr ihn ein \u00dcbergangsjahr, um sich auf diesen Schritt vorzubereiten.<\/p>\n<p>Es gibt mehrere praktische Gr\u00fcnde daf\u00fcr. G\u00fcven verf\u00fcgt noch \u00fcber wenig Formel-Erfahrung, obwohl er einen beeindruckenden Rookie-Test f\u00fcr die Formel E in Berlin absolviert hat. Au\u00dferdem ben\u00f6tigt er FIA-Lizenzpunkte f\u00fcr eine Formel-E-Lizenz. In der LMGT3-Klasse der WEC gibt es mehr Punkte zu holen als in der DTM, was die Entscheidung logisch macht. Au\u00dferdem kann er in der WEC Erfahrungen im Langstreckenrennsport sammeln und wird wahrscheinlich weiterhin an Klassikern wie dem 24-Stunden-Rennen auf dem N\u00fcrburgring teilnehmen.<\/p>\n<p>Es gibt Ger\u00fcchte, dass die Porsche-Organisation diesen Wechsel mitinitiiert hat, unter anderem, um G\u00fcven optimal auf die Elektroklasse vorzubereiten. Manthey best\u00e4tigte, dass sie sich \u00fcber seinen Wechsel zur WEC freuen und gemeinsam den n\u00e4chsten Schritt gehen wollen.<\/p>\n<p>F\u00fcr die DTM bedeutet G\u00fcvens Weggang, dass Manthey einen Ersatz sucht. Es wird erwartet, dass Ricardo Feller seinen Platz einnehmen wird.<\/p>\n<h2>R\u00fcckblick auf G\u00fcvens DTM-Karriere<\/h2>\n<p>G\u00fcven blickt mit gemischten Gef\u00fchlen auf seine Zeit in der DTM zur\u00fcck. Sein Deb\u00fct gab er 2022 auf dem Norisring, wo er \u00fcber die Red-Bull-Verbindung bei AF Corse f\u00fcr Nick Cassidy einsprang und mit einem dritten Startplatz sofort Eindruck hinterlie\u00df. Diese Chance f\u00fchrte zu einem festen Platz und schlie\u00dflich zu drei starken Jahren, die in der Meisterschaft gipfelten.<\/p>\n<p>Er beschreibt den Abschied als keine leichte Entscheidung, denkt aber auch \u00fcber das nach, was er erreicht hat: vom Ersatzfahrer zum DTM-Champion und nun einen Schritt weiter in Richtung einer internationalen Langstreckenkarriere und der Formel E.<\/p>\n<ul>\n<li>G\u00fcven verteidigt DTM-Titel 2026 nicht<\/li>\n<li>Er f\u00e4hrt 2026 in der FIA WEC, Klasse LMGT3.<\/li>\n<li>Le Mans-Deb\u00fct steht auf dem Programm<\/li>\n<li>Manthey gibt Mitte Dezember seine Teamkollegen bekannt<\/li>\n<li>\u00dcberlegungen: Vorbereitung Formel E, FIA-Lizenzpunkte, mehr WEC-Punkte<\/li>\n<li>Wahrscheinlicher Nachfolger bei Manthey in der DTM: Ricardo Feller<\/li>\n<\/ul>","protected":false},"excerpt":{"rendered":"<p>G\u00fcven entscheidet sich f\u00fcr WEC und Le Mans Es ist offiziell: Ayhancan G\u00fcven wird seinen DTM-Titel 2026 nicht verteidigen. In einer Mitteilung auf Instagram gab der Champion bekannt, dass er n\u00e4chstes Jahr nicht mehr in der DTM fahren wird, sondern stattdessen in der FIA-Langstrecken-Weltmeisterschaft an den Start gehen wird. Damit macht er [\u2026]<\/p>","protected":false},"author":1,"featured_media":158895,"comment_status":"closed","ping_status":"closed","sticky":false,"template":"","format":"standard","meta":{"_et_pb_use_builder":"","_et_pb_old_content":"","_et_gb_content_width":"","footnotes":""},"categories":[2276],"tags":[],"class_list":["post-158896","post","type-post","status-publish","format-standard","has-post-thumbnail","hentry","category-dtm"],"yoast_head":"<!-- This site is optimized with the Yoast SEO plugin v27.4 - https:\/\/yoast.com\/product\/yoast-seo-wordpress\/ -->\n<title>G\u00fcven verlaat DTM na titel - Autobaak.nl<\/title>\n<meta name=\"description\" content=\"G\u00fcven verlaat DTM na titel\" \/>\n<meta name=\"robots\" content=\"index, follow, max-snippet:-1, max-image-preview:large, max-video-preview:-1\" \/>\n<link rel=\"canonical\" href=\"https:\/\/autobaak.nl\/de\/guven-verlasst-dtm-nach-titelgewinn\/\" \/>\n<meta property=\"og:locale\" content=\"de_DE\" \/>\n<meta property=\"og:type\" content=\"article\" \/>\n<meta property=\"og:title\" content=\"G\u00fcven verlaat DTM na titel - Autobaak.nl\" \/>\n<meta property=\"og:description\" content=\"G\u00fcven verlaat DTM na titel\" \/>\n<meta property=\"og:url\" content=\"https:\/\/autobaak.nl\/de\/guven-verlasst-dtm-nach-titelgewinn\/\" \/>\n<meta property=\"og:site_name\" content=\"Autobaak.nl\" \/>\n<meta property=\"article:published_time\" content=\"2025-12-08T20:45:39+00:00\" \/>\n<meta property=\"og:image\" content=\"https:\/\/autobaak.nl\/wp-content\/uploads\/2025\/12\/Gyven-verlaat-DTM-na-titel.jpg\" \/>\n\t<meta property=\"og:image:width\" content=\"1080\" \/>\n\t<meta property=\"og:image:height\" content=\"1080\" \/>\n\t<meta property=\"og:image:type\" content=\"image\/jpeg\" \/>\n<meta name=\"author\" content=\"Stijn\" \/>\n<meta name=\"twitter:card\" content=\"summary_large_image\" \/>\n<meta name=\"twitter:label1\" content=\"Verfasst von\" \/>\n\t<meta name=\"twitter:data1\" content=\"Stijn\" \/>\n\t<meta name=\"twitter:label2\" content=\"Gesch\u00e4tzte Lesezeit\" \/>\n\t<meta name=\"twitter:data2\" content=\"2\u00a0Minuten\" \/>\n<script type=\"application\/ld+json\" class=\"yoast-schema-graph\">{\"@context\":\"https:\\\/\\\/schema.org\",\"@graph\":[{\"@type\":\"Article\",\"@id\":\"https:\\\/\\\/autobaak.nl\\\/guven-verlaat-dtm-na-titel\\\/#article\",\"isPartOf\":{\"@id\":\"https:\\\/\\\/autobaak.nl\\\/guven-verlaat-dtm-na-titel\\\/\"},\"author\":{\"name\":\"Stijn\",\"@id\":\"https:\\\/\\\/autobaak.nl\\\/#\\\/schema\\\/person\\\/539ebe80a38d4476550c564f37c97c41\"},\"headline\":\"G\u00fcven verlaat DTM na titel\",\"datePublished\":\"2025-12-08T20:45:39+00:00\",\"mainEntityOfPage\":{\"@id\":\"https:\\\/\\\/autobaak.nl\\\/guven-verlaat-dtm-na-titel\\\/\"},\"wordCount\":461,\"image\":{\"@id\":\"https:\\\/\\\/autobaak.nl\\\/guven-verlaat-dtm-na-titel\\\/#primaryimage\"},\"thumbnailUrl\":\"https:\\\/\\\/autobaak.nl\\\/wp-content\\\/uploads\\\/2025\\\/12\\\/Gyven-verlaat-DTM-na-titel.jpg\",\"articleSection\":[\"DTM\"],\"inLanguage\":\"de\"},{\"@type\":\"WebPage\",\"@id\":\"https:\\\/\\\/autobaak.nl\\\/guven-verlaat-dtm-na-titel\\\/\",\"url\":\"https:\\\/\\\/autobaak.nl\\\/guven-verlaat-dtm-na-titel\\\/\",\"name\":\"G\u00fcven verlaat DTM na titel - Autobaak.nl\",\"isPartOf\":{\"@id\":\"https:\\\/\\\/autobaak.nl\\\/#website\"},\"primaryImageOfPage\":{\"@id\":\"https:\\\/\\\/autobaak.nl\\\/guven-verlaat-dtm-na-titel\\\/#primaryimage\"},\"image\":{\"@id\":\"https:\\\/\\\/autobaak.nl\\\/guven-verlaat-dtm-na-titel\\\/#primaryimage\"},\"thumbnailUrl\":\"https:\\\/\\\/autobaak.nl\\\/wp-content\\\/uploads\\\/2025\\\/12\\\/Gyven-verlaat-DTM-na-titel.jpg\",\"datePublished\":\"2025-12-08T20:45:39+00:00\",\"author\":{\"@id\":\"https:\\\/\\\/autobaak.nl\\\/#\\\/schema\\\/person\\\/539ebe80a38d4476550c564f37c97c41\"},\"description\":\"G\u00fcven verlaat DTM na titel\",\"breadcrumb\":{\"@id\":\"https:\\\/\\\/autobaak.nl\\\/guven-verlaat-dtm-na-titel\\\/#breadcrumb\"},\"inLanguage\":\"de\",\"potentialAction\":[{\"@type\":\"ReadAction\",\"target\":[\"https:\\\/\\\/autobaak.nl\\\/guven-verlaat-dtm-na-titel\\\/\"]}]},{\"@type\":\"ImageObject\",\"inLanguage\":\"de\",\"@id\":\"https:\\\/\\\/autobaak.nl\\\/guven-verlaat-dtm-na-titel\\\/#primaryimage\",\"url\":\"https:\\\/\\\/autobaak.nl\\\/wp-content\\\/uploads\\\/2025\\\/12\\\/Gyven-verlaat-DTM-na-titel.jpg\",\"contentUrl\":\"https:\\\/\\\/autobaak.nl\\\/wp-content\\\/uploads\\\/2025\\\/12\\\/Gyven-verlaat-DTM-na-titel.jpg\",\"width\":1080,\"height\":1080},{\"@type\":\"BreadcrumbList\",\"@id\":\"https:\\\/\\\/autobaak.nl\\\/guven-verlaat-dtm-na-titel\\\/#breadcrumb\",\"itemListElement\":[{\"@type\":\"ListItem\",\"position\":1,\"name\":\"Home\",\"item\":\"https:\\\/\\\/autobaak.nl\\\/\"},{\"@type\":\"ListItem\",\"position\":2,\"name\":\"G\u00fcven verlaat DTM na titel\"}]},{\"@type\":\"WebSite\",\"@id\":\"https:\\\/\\\/autobaak.nl\\\/#website\",\"url\":\"https:\\\/\\\/autobaak.nl\\\/\",\"name\":\"Autobaak.nl\",\"description\":\"Cars &amp; Racing\",\"potentialAction\":[{\"@type\":\"SearchAction\",\"target\":{\"@type\":\"EntryPoint\",\"urlTemplate\":\"https:\\\/\\\/autobaak.nl\\\/?s={search_term_string}\"},\"query-input\":{\"@type\":\"PropertyValueSpecification\",\"valueRequired\":true,\"valueName\":\"search_term_string\"}}],\"inLanguage\":\"de\"},{\"@type\":\"Person\",\"@id\":\"https:\\\/\\\/autobaak.nl\\\/#\\\/schema\\\/person\\\/539ebe80a38d4476550c564f37c97c41\",\"name\":\"Stijn\",\"image\":{\"@type\":\"ImageObject\",\"inLanguage\":\"de\",\"@id\":\"https:\\\/\\\/secure.gravatar.com\\\/avatar\\\/73d703c9363ff42bbf2da26461876c8fc4008eeb645ca3e2d7cfc4c4fe901cf9?s=96&d=mm&r=g\",\"url\":\"https:\\\/\\\/secure.gravatar.com\\\/avatar\\\/73d703c9363ff42bbf2da26461876c8fc4008eeb645ca3e2d7cfc4c4fe901cf9?s=96&d=mm&r=g\",\"contentUrl\":\"https:\\\/\\\/secure.gravatar.com\\\/avatar\\\/73d703c9363ff42bbf2da26461876c8fc4008eeb645ca3e2d7cfc4c4fe901cf9?s=96&d=mm&r=g\",\"caption\":\"Stijn\"},\"url\":\"https:\\\/\\\/autobaak.nl\\\/de\\\/author\\\/admin\\\/\"}]}<\/script>\n<!-- \/ Yoast SEO plugin. -->","yoast_head_json":{"title":"G\u00fcven verl\u00e4sst DTM nach Titelgewinn - Autobaak.nl","description":"G\u00fcven verl\u00e4sst DTM nach Titelgewinn","robots":{"index":"index","follow":"follow","max-snippet":"max-snippet:-1","max-image-preview":"max-image-preview:large","max-video-preview":"max-video-preview:-1"},"canonical":"https:\/\/autobaak.nl\/de\/guven-verlasst-dtm-nach-titelgewinn\/","og_locale":"de_DE","og_type":"article","og_title":"G\u00fcven verlaat DTM na titel - Autobaak.nl","og_description":"G\u00fcven verlaat DTM na titel","og_url":"https:\/\/autobaak.nl\/de\/guven-verlasst-dtm-nach-titelgewinn\/","og_site_name":"Autobaak.nl","article_published_time":"2025-12-08T20:45:39+00:00","og_image":[{"width":1080,"height":1080,"url":"https:\/\/autobaak.nl\/wp-content\/uploads\/2025\/12\/Gyven-verlaat-DTM-na-titel.jpg","type":"image\/jpeg"}],"author":"Stijn","twitter_card":"summary_large_image","twitter_misc":{"Verfasst von":"Stijn","Gesch\u00e4tzte Lesezeit":"2\u00a0Minuten"},"schema":{"@context":"https:\/\/schema.org","@graph":[{"@type":"Article","@id":"https:\/\/autobaak.nl\/guven-verlaat-dtm-na-titel\/#article","isPartOf":{"@id":"https:\/\/autobaak.nl\/guven-verlaat-dtm-na-titel\/"},"author":{"name":"Stijn","@id":"https:\/\/autobaak.nl\/#\/schema\/person\/539ebe80a38d4476550c564f37c97c41"},"headline":"G\u00fcven verlaat DTM na titel","datePublished":"2025-12-08T20:45:39+00:00","mainEntityOfPage":{"@id":"https:\/\/autobaak.nl\/guven-verlaat-dtm-na-titel\/"},"wordCount":461,"image":{"@id":"https:\/\/autobaak.nl\/guven-verlaat-dtm-na-titel\/#primaryimage"},"thumbnailUrl":"https:\/\/autobaak.nl\/wp-content\/uploads\/2025\/12\/Gyven-verlaat-DTM-na-titel.jpg","articleSection":["DTM"],"inLanguage":"de"},{"@type":"WebPage","@id":"https:\/\/autobaak.nl\/guven-verlaat-dtm-na-titel\/","url":"https:\/\/autobaak.nl\/guven-verlaat-dtm-na-titel\/","name":"G\u00fcven verl\u00e4sst DTM nach Titelgewinn - Autobaak.nl","isPartOf":{"@id":"https:\/\/autobaak.nl\/#website"},"primaryImageOfPage":{"@id":"https:\/\/autobaak.nl\/guven-verlaat-dtm-na-titel\/#primaryimage"},"image":{"@id":"https:\/\/autobaak.nl\/guven-verlaat-dtm-na-titel\/#primaryimage"},"thumbnailUrl":"https:\/\/autobaak.nl\/wp-content\/uploads\/2025\/12\/Gyven-verlaat-DTM-na-titel.jpg","datePublished":"2025-12-08T20:45:39+00:00","author":{"@id":"https:\/\/autobaak.nl\/#\/schema\/person\/539ebe80a38d4476550c564f37c97c41"},"description":"G\u00fcven verl\u00e4sst DTM nach Titelgewinn","breadcrumb":{"@id":"https:\/\/autobaak.nl\/guven-verlaat-dtm-na-titel\/#breadcrumb"},"inLanguage":"de","potentialAction":[{"@type":"ReadAction","target":["https:\/\/autobaak.nl\/guven-verlaat-dtm-na-titel\/"]}]},{"@type":"ImageObject","inLanguage":"de","@id":"https:\/\/autobaak.nl\/guven-verlaat-dtm-na-titel\/#primaryimage","url":"https:\/\/autobaak.nl\/wp-content\/uploads\/2025\/12\/Gyven-verlaat-DTM-na-titel.jpg","contentUrl":"https:\/\/autobaak.nl\/wp-content\/uploads\/2025\/12\/Gyven-verlaat-DTM-na-titel.jpg","width":1080,"height":1080},{"@type":"BreadcrumbList","@id":"https:\/\/autobaak.nl\/guven-verlaat-dtm-na-titel\/#breadcrumb","itemListElement":[{"@type":"ListItem","position":1,"name":"Home","item":"https:\/\/autobaak.nl\/"},{"@type":"ListItem","position":2,"name":"G\u00fcven verlaat DTM na titel"}]},{"@type":"WebSite","@id":"https:\/\/autobaak.nl\/#website","url":"https:\/\/autobaak.nl\/","name":"Autobook.de","description":"Autos &amp; Rennsport","potentialAction":[{"@type":"SearchAction","target":{"@type":"EntryPoint","urlTemplate":"https:\/\/autobaak.nl\/?s={search_term_string}"},"query-input":{"@type":"PropertyValueSpecification","valueRequired":true,"valueName":"search_term_string"}}],"inLanguage":"de"},{"@type":"Person","@id":"https:\/\/autobaak.nl\/#\/schema\/person\/539ebe80a38d4476550c564f37c97c41","name":"Stijn","image":{"@type":"ImageObject","inLanguage":"de","@id":"https:\/\/secure.gravatar.com\/avatar\/73d703c9363ff42bbf2da26461876c8fc4008eeb645ca3e2d7cfc4c4fe901cf9?s=96&d=mm&r=g","url":"https:\/\/secure.gravatar.com\/avatar\/73d703c9363ff42bbf2da26461876c8fc4008eeb645ca3e2d7cfc4c4fe901cf9?s=96&d=mm&r=g","contentUrl":"https:\/\/secure.gravatar.com\/avatar\/73d703c9363ff42bbf2da26461876c8fc4008eeb645ca3e2d7cfc4c4fe901cf9?s=96&d=mm&r=g","caption":"Stijn"},"url":"https:\/\/autobaak.nl\/de\/author\/admin\/"}]}},"_links":{"self":[{"href":"https:\/\/autobaak.nl\/de\/wp-json\/wp\/v2\/posts\/158896","targetHints":{"allow":["GET"]}}],"collection":[{"href":"https:\/\/autobaak.nl\/de\/wp-json\/wp\/v2\/posts"}],"about":[{"href":"https:\/\/autobaak.nl\/de\/wp-json\/wp\/v2\/types\/post"}],"author":[{"embeddable":true,"href":"https:\/\/autobaak.nl\/de\/wp-json\/wp\/v2\/users\/1"}],"replies":[{"embeddable":true,"href":"https:\/\/autobaak.nl\/de\/wp-json\/wp\/v2\/comments?post=158896"}],"version-history":[{"count":1,"href":"https:\/\/autobaak.nl\/de\/wp-json\/wp\/v2\/posts\/158896\/revisions"}],"predecessor-version":[{"id":158897,"href":"https:\/\/autobaak.nl\/de\/wp-json\/wp\/v2\/posts\/158896\/revisions\/158897"}],"wp:featuredmedia":[{"embeddable":true,"href":"https:\/\/autobaak.nl\/de\/wp-json\/wp\/v2\/media\/158895"}],"wp:attachment":[{"href":"https:\/\/autobaak.nl\/de\/wp-json\/wp\/v2\/media?parent=158896"}],"wp:term":[{"taxonomy":"category","embeddable":true,"href":"https:\/\/autobaak.nl\/de\/wp-json\/wp\/v2\/categories?post=158896"},{"taxonomy":"post_tag","embeddable":true,"href":"https:\/\/autobaak.nl\/de\/wp-json\/wp\/v2\/tags?post=158896"}],"curies":[{"name":"wp","href":"https:\/\/api.w.org\/{rel}","templated":true}]}}